{"id":3779,"date":"2024-02-02T17:26:30","date_gmt":"2024-02-02T16:26:30","guid":{"rendered":"https:\/\/agora.xtec.cat\/ceiprivorubeo\/?p=3779"},"modified":"2024-02-02T17:52:19","modified_gmt":"2024-02-02T16:52:19","slug":"consignes-de-carnaval","status":"publish","type":"post","link":"https:\/\/agora.xtec.cat\/ceiprivorubeo\/butlleti\/informacions-publicades\/consignes-de-carnaval\/","title":{"rendered":"Consignes de Carnaval"},"content":{"rendered":"<p style=\"text-align: justify;\">Arriba la setmana m\u00e9s boja de l&#8217;any!<\/p>\n<p style=\"text-align: justify;\">Com ja us vam informar la setmana passada, la setmana que ve tindrem una pila d&#8217;activitats diferents. Des de les tutories, a m\u00e9s, ja haureu rebut indicacions sobre algunes d&#8217;aquestes activitats a m\u00e9s del material necessari per treballar la disfressa a l&#8217;escola.<\/p>\n<p style=\"text-align: justify;\">Tamb\u00e9 us vam dir que us avan\u00e7ar\u00edem les consignes que des d&#8217;avui l&#8217;alumnat de sis\u00e8 anir\u00e0 anunciant a totes les classes, el dia abans. <strong>MOLT IMPORTANT:<\/strong> per a l&#8217;alumnat ha de ser sorpresa. Agrairem que no els les anticipeu. Aquesta not\u00edcia no es publica a la p\u00e0gina d&#8217;inici de la web per tal que l&#8217;alumnat m\u00e9s gran no la trobi f\u00e0cilment.<\/p>\n<ul style=\"text-align: justify;\">\n<li>DILLUNS &#8221; Si dilluns et vols divertir, en pijama haur\u00e0s de venir&#8221;.<\/li>\n<li>El DIMARTS &#8220;Dimarts alegre vindr\u00e0s perqu\u00e8 un complement al cap portar\u00e0s o les ungles et pintar\u00e0s&#8221;.<\/li>\n<li>DIMECRES &#8220;Dimecres et llevar\u00e0s perqu\u00e8 portar\u00e0s la disfressa que voldr\u00e0s&#8221;.<\/li>\n<li>DIJOUS &#8220;Dijous gras, d&#8217;esport vindr\u00e0s&#8221;.<\/li>\n<\/ul>\n<p style=\"text-align: justify;\"><span style=\"text-decoration: underline;\"><strong>Us recordem que us esperem a totes les fam\u00edlies el divendres 9 a les 15:15h per celebrar tots junts la gran festa al pati de prim\u00e0ria.<\/strong><\/span><\/p>\n<p style=\"text-align: justify;\">Despr\u00e9s de la festa, les fam\u00edlies de sis\u00e8 posaran un servei de bar i berenar per a tothom!<\/p>\n","protected":false},"excerpt":{"rendered":"<p>Arriba la setmana m\u00e9s boja de l&#8217;any!<br \/>\nCom ja us vam informar la setmana passada, la setmana que ve tindrem una pila d&#8217;activitats diferents. Des de les tutories, a m\u00e9s, ja haureu rebut indicacions sobre algunes d&#8217;aquestes activitats a m\u00e9s del material necessari per treballar la&hellip;  <a href=\"https:\/\/agora.xtec.cat\/ceiprivorubeo\/butlleti\/informacions-publicades\/consignes-de-carnaval\/\" title=\"Read Consignes de Carnaval\">Llegeix m\u00e9s\u00bb<\/a><\/p>\n","protected":false},"author":1,"featured_media":0,"comment_status":"open","ping_status":"closed","sticky":false,"template":"","format":"standard","meta":{"_bbp_topic_count":0,"_bbp_reply_count":0,"_bbp_total_topic_count":0,"_bbp_total_reply_count":0,"_bbp_voice_count":0,"_bbp_anonymous_reply_count":0,"_bbp_topic_count_hidden":0,"_bbp_reply_count_hidden":0,"_bbp_forum_subforum_count":0,"footnotes":""},"categories":[77],"tags":[],"class_list":["post-3779","post","type-post","status-publish","format-standard","hentry","category-informacions-publicades"],"post_mailing_queue_ids":[],"_links":{"self":[{"href":"https:\/\/agora.xtec.cat\/ceiprivorubeo\/wp-json\/wp\/v2\/posts\/3779","targetHints":{"allow":["GET"]}}],"collection":[{"href":"https:\/\/agora.xtec.cat\/ceiprivorubeo\/wp-json\/wp\/v2\/posts"}],"about":[{"href":"https:\/\/agora.xtec.cat\/ceiprivorubeo\/wp-json\/wp\/v2\/types\/post"}],"author":[{"embeddable":true,"href":"https:\/\/agora.xtec.cat\/ceiprivorubeo\/wp-json\/wp\/v2\/users\/1"}],"replies":[{"embeddable":true,"href":"https:\/\/agora.xtec.cat\/ceiprivorubeo\/wp-json\/wp\/v2\/comments?post=3779"}],"version-history":[{"count":3,"href":"https:\/\/agora.xtec.cat\/ceiprivorubeo\/wp-json\/wp\/v2\/posts\/3779\/revisions"}],"predecessor-version":[{"id":3784,"href":"https:\/\/agora.xtec.cat\/ceiprivorubeo\/wp-json\/wp\/v2\/posts\/3779\/revisions\/3784"}],"wp:attachment":[{"href":"https:\/\/agora.xtec.cat\/ceiprivorubeo\/wp-json\/wp\/v2\/media?parent=3779"}],"wp:term":[{"taxonomy":"category","embeddable":true,"href":"https:\/\/agora.xtec.cat\/ceiprivorubeo\/wp-json\/wp\/v2\/categories?post=3779"},{"taxonomy":"post_tag","embeddable":true,"href":"https:\/\/agora.xtec.cat\/ceiprivorubeo\/wp-json\/wp\/v2\/tags?post=3779"}],"curies":[{"name":"wp","href":"https:\/\/api.w.org\/{rel}","templated":true}]}}