{"id":3764,"date":"2024-01-26T18:07:37","date_gmt":"2024-01-26T17:07:37","guid":{"rendered":"https:\/\/agora.xtec.cat\/ceiprivorubeo\/?p=3764"},"modified":"2024-01-26T18:07:37","modified_gmt":"2024-01-26T17:07:37","slug":"sacosta-carnaval","status":"publish","type":"post","link":"https:\/\/agora.xtec.cat\/ceiprivorubeo\/portada\/sacosta-carnaval\/","title":{"rendered":"S&#8217;acosta Carnaval!!"},"content":{"rendered":"<p style=\"line-height: 150%;\">Benvolgudes fam\u00edlies!<\/p>\n<p style=\"line-height: 150%;\">S\u2019acosta la festa grossa!! La festa de Carnaval! En tenim molt\u00edssimes ganes!<\/p>\n<p style=\"line-height: 150%;\">Durant la setmana del 5 al 9 de febrer viurem la setmana m\u00e9s boja de l\u2019any!<\/p>\n<p style=\"line-height: 150%;\">A partir de divendres 2 l\u2019alumnat de sis\u00e8 informar\u00e0 de les consignes a seguir. Cada dia una comitiva passar\u00e0 per les classes a donar la consigna per a l&#8217;endem\u00e0. En el butllet\u00ed de la setmana vinent us en farem un avan\u00e7ament per\u00f2, alerta! No en digueu res a la canalla:\u00a0s\u00f3n \u201ctop secret\u201d.<\/p>\n<p style=\"line-height: 150%;\">Al llarg de la setmana, es faran activitats des de les aules, tallers de carnaval, jocs, etc. Cada tutoria us far\u00e0 saber les activitats especials.<\/p>\n<p style=\"line-height: 150%;\">DIJOUS GRAS, 8 de febrer. La tradici\u00f3 indica que aquell dia hem de portar un bon esmorzar a base de truita o botifarra d\u2019ou!<\/p>\n<p style=\"line-height: 150%;\">Des de cada cicle us informaran com i on celebraran aquest esmorzar.<\/p>\n<p style=\"line-height: 150%;\">DIVENDRES DE CARNAVAL, 9 de febrer.<\/p>\n<p style=\"line-height: 150%;\">Mat\u00ed: rebrem al Rei Carnestoltes!<\/p>\n<p style=\"line-height: 150%;\">Tarda: Desfilada de Carnaval al pati de prim\u00e0ria. Festa grossa! Us esperem a totes les fam\u00edlies a partir de les 15:15\u202fh.<\/p>\n<p style=\"line-height: 150%;\">Les disfresses que es treballaran des de les aules giraran entorn d\u2019un tema com\u00fa: Al Rivo juguem. Des de les tutories rebreu un correu indicant si \u00e9s necessari que el vostre fill o filla porti alguna cosa per a la preparaci\u00f3 de la disfressa.<\/p>\n<p>Us hi esperem!<\/p>\n","protected":false},"excerpt":{"rendered":"<p>Benvolgudes fam\u00edlies!<br \/>\nS\u2019acosta la festa grossa!! La festa de Carnaval! En tenim molt\u00edssimes ganes!<br \/>\nDurant la setmana del 5 al 9 de febrer viurem la setmana m\u00e9s boja de l\u2019any!<br \/>\nA partir de divendres 2 l\u2019alumnat de sis\u00e8 informar\u00e0 de les consignes a seguir. Cada dia una comitiva&hellip;  <a href=\"https:\/\/agora.xtec.cat\/ceiprivorubeo\/portada\/sacosta-carnaval\/\" title=\"Read S&#8217;acosta Carnaval!!\">Llegeix m\u00e9s\u00bb<\/a><\/p>\n","protected":false},"author":1,"featured_media":0,"comment_status":"open","ping_status":"closed","sticky":false,"template":"","format":"standard","meta":{"_bbp_topic_count":0,"_bbp_reply_count":0,"_bbp_total_topic_count":0,"_bbp_total_reply_count":0,"_bbp_voice_count":0,"_bbp_anonymous_reply_count":0,"_bbp_topic_count_hidden":0,"_bbp_reply_count_hidden":0,"_bbp_forum_subforum_count":0,"footnotes":""},"categories":[65,78,4],"tags":[],"class_list":["post-3764","post","type-post","status-publish","format-standard","hentry","category-butlleti","category-butlletins-publicats","category-portada"],"post_mailing_queue_ids":[],"_links":{"self":[{"href":"https:\/\/agora.xtec.cat\/ceiprivorubeo\/wp-json\/wp\/v2\/posts\/3764","targetHints":{"allow":["GET"]}}],"collection":[{"href":"https:\/\/agora.xtec.cat\/ceiprivorubeo\/wp-json\/wp\/v2\/posts"}],"about":[{"href":"https:\/\/agora.xtec.cat\/ceiprivorubeo\/wp-json\/wp\/v2\/types\/post"}],"author":[{"embeddable":true,"href":"https:\/\/agora.xtec.cat\/ceiprivorubeo\/wp-json\/wp\/v2\/users\/1"}],"replies":[{"embeddable":true,"href":"https:\/\/agora.xtec.cat\/ceiprivorubeo\/wp-json\/wp\/v2\/comments?post=3764"}],"version-history":[{"count":1,"href":"https:\/\/agora.xtec.cat\/ceiprivorubeo\/wp-json\/wp\/v2\/posts\/3764\/revisions"}],"predecessor-version":[{"id":3765,"href":"https:\/\/agora.xtec.cat\/ceiprivorubeo\/wp-json\/wp\/v2\/posts\/3764\/revisions\/3765"}],"wp:attachment":[{"href":"https:\/\/agora.xtec.cat\/ceiprivorubeo\/wp-json\/wp\/v2\/media?parent=3764"}],"wp:term":[{"taxonomy":"category","embeddable":true,"href":"https:\/\/agora.xtec.cat\/ceiprivorubeo\/wp-json\/wp\/v2\/categories?post=3764"},{"taxonomy":"post_tag","embeddable":true,"href":"https:\/\/agora.xtec.cat\/ceiprivorubeo\/wp-json\/wp\/v2\/tags?post=3764"}],"curies":[{"name":"wp","href":"https:\/\/api.w.org\/{rel}","templated":true}]}}