{"id":3733,"date":"2026-01-16T10:08:15","date_gmt":"2026-01-16T09:08:15","guid":{"rendered":"https:\/\/agora.xtec.cat\/ceiprivorubeo\/?p=3733"},"modified":"2026-01-30T08:10:03","modified_gmt":"2026-01-30T07:10:03","slug":"portes-obertes-curs-26-27","status":"publish","type":"post","link":"https:\/\/agora.xtec.cat\/ceiprivorubeo\/general\/portes-obertes-curs-26-27\/","title":{"rendered":"Portes obertes Curs 26-27"},"content":{"rendered":"<p>Us volem avan\u00e7ar la data de les jornades de\u00a0<strong>portes obertes del Rivo que seran el 18 de febrer a les 15:15h. <\/strong>Obrirem les portes durant l\u2019horari lectiu perqu\u00e8 pugueu con\u00e8ixer l\u2019ambient de l\u2019escola mentre s\u2019hi fa activitat.<\/p>\n<p>La visita tindr\u00e0 dues parts. En primer lloc, fareu una volta per l\u2019escola, coneixent els espais i l\u2019activitat que s\u2019hi fa. Veureu diferents propostes metodol\u00f2giques que es duen a terme al nostre centre. Finalment, ens trobarem al gimn\u00e0s on us explicarem amb una mica m\u00e9s de detall com \u00e9s l\u2019escola Rivo Rubeo i resoldrem tots els dubtes que tingueu.<\/p>\n<p>Es prega que, en la mesura del possible, vingueu sense infants.<\/p>\n<p>Per poder organitzar aquestes portes obertes cal que us inscriviu omplint aquest<a href=\"https:\/\/forms.gle\/KRT2oTxb3ghnBN3K9\"> formulari<\/a>.<\/p>\n","protected":false},"excerpt":{"rendered":"<p>Per accedir al formulari, cliqueu a LLEGIR M\u00c9S&hellip;  <a href=\"https:\/\/agora.xtec.cat\/ceiprivorubeo\/general\/portes-obertes-curs-26-27\/\" title=\"Read Portes obertes Curs 26-27\">Llegeix m\u00e9s\u00bb<\/a><\/p>\n","protected":false},"author":1,"featured_media":5031,"comment_status":"open","ping_status":"closed","sticky":false,"template":"","format":"standard","meta":{"_bbp_topic_count":0,"_bbp_reply_count":0,"_bbp_total_topic_count":0,"_bbp_total_reply_count":0,"_bbp_voice_count":0,"_bbp_anonymous_reply_count":0,"_bbp_topic_count_hidden":0,"_bbp_reply_count_hidden":0,"_bbp_forum_subforum_count":0,"footnotes":""},"categories":[1,4,125],"tags":[],"class_list":["post-3733","post","type-post","status-publish","format-standard","has-post-thumbnail","hentry","category-general","category-portada","category-preinscripicio-i-matricula-26-27"],"post_mailing_queue_ids":[],"_links":{"self":[{"href":"https:\/\/agora.xtec.cat\/ceiprivorubeo\/wp-json\/wp\/v2\/posts\/3733","targetHints":{"allow":["GET"]}}],"collection":[{"href":"https:\/\/agora.xtec.cat\/ceiprivorubeo\/wp-json\/wp\/v2\/posts"}],"about":[{"href":"https:\/\/agora.xtec.cat\/ceiprivorubeo\/wp-json\/wp\/v2\/types\/post"}],"author":[{"embeddable":true,"href":"https:\/\/agora.xtec.cat\/ceiprivorubeo\/wp-json\/wp\/v2\/users\/1"}],"replies":[{"embeddable":true,"href":"https:\/\/agora.xtec.cat\/ceiprivorubeo\/wp-json\/wp\/v2\/comments?post=3733"}],"version-history":[{"count":4,"href":"https:\/\/agora.xtec.cat\/ceiprivorubeo\/wp-json\/wp\/v2\/posts\/3733\/revisions"}],"predecessor-version":[{"id":5034,"href":"https:\/\/agora.xtec.cat\/ceiprivorubeo\/wp-json\/wp\/v2\/posts\/3733\/revisions\/5034"}],"wp:featuredmedia":[{"embeddable":true,"href":"https:\/\/agora.xtec.cat\/ceiprivorubeo\/wp-json\/wp\/v2\/media\/5031"}],"wp:attachment":[{"href":"https:\/\/agora.xtec.cat\/ceiprivorubeo\/wp-json\/wp\/v2\/media?parent=3733"}],"wp:term":[{"taxonomy":"category","embeddable":true,"href":"https:\/\/agora.xtec.cat\/ceiprivorubeo\/wp-json\/wp\/v2\/categories?post=3733"},{"taxonomy":"post_tag","embeddable":true,"href":"https:\/\/agora.xtec.cat\/ceiprivorubeo\/wp-json\/wp\/v2\/tags?post=3733"}],"curies":[{"name":"wp","href":"https:\/\/api.w.org\/{rel}","templated":true}]}}