{"id":3702,"date":"2024-01-19T16:21:39","date_gmt":"2024-01-19T15:21:39","guid":{"rendered":"https:\/\/agora.xtec.cat\/ceiprivorubeo\/?p=3702"},"modified":"2024-01-19T16:21:39","modified_gmt":"2024-01-19T15:21:39","slug":"estrenem-elements-al-pati-de-petits","status":"publish","type":"post","link":"https:\/\/agora.xtec.cat\/ceiprivorubeo\/portada\/estrenem-elements-al-pati-de-petits\/","title":{"rendered":"Estrenem elements al pati de Petits!"},"content":{"rendered":"<p>Fam\u00edlies,<\/p>\n<p>Aquesta setmana hem estrenat dos elements nous al pati de Petits: 2 casetes de fusta i 2 taules de p\u00edcnic.<\/p>\n<p><strong>Casetes de fusta: Fomentant la creativitat i la imaginaci\u00f3<\/strong><\/p>\n<p>Les casetes de fusta s\u00f3n m\u00e9s que simples estructures al pati; s\u00f3n espais que inspiren la creativitat i fomenten la imaginaci\u00f3 dels nostres petits. Amb les casetes, els infants tenen l&#8217;oportunitat de crear jocs simb\u00f2lics, desenvolupant habilitats socials com la cooperaci\u00f3 i la comunicaci\u00f3.<\/p>\n<p><strong>Tauletes de p\u00edcnic: Fomentant la socialitzaci\u00f3 i els h\u00e0bits saludables<\/strong><\/p>\n<p>Les dues noves tauletes de p\u00edcnic no nom\u00e9s ofereixen un lloc c\u00f2mode per al gaudi dels \u00e0pats, sin\u00f3 que tamb\u00e9 fomenten la socialitzaci\u00f3 entre els nostres petits. \u00c9s un espai ideal perqu\u00e8 els nens comparteixin moments de conviv\u00e8ncia mentre gaudeixen d&#8217;un \u00e0pat saludable a l&#8217;aire lliure. Aquesta interacci\u00f3 social afavoreix la construcci\u00f3 d&#8217;amistats i promou valors com el respecte i la solidaritat.<\/p>\n<p>Amb aquestes noves incorporacions al pati dels petits, busquem no nom\u00e9s proporcionar-los un espai m\u00e9s ric i variat, sin\u00f3 tamb\u00e9 afavorir el seu creixement i desenvolupament integral.<\/p>\n<p><a href=\"https:\/\/agora.xtec.cat\/ceiprivorubeo\/wp-content\/uploads\/usu2655\/2024\/01\/foto2-scaled.jpg\"><img loading=\"lazy\" decoding=\"async\" class=\"alignnone size-large wp-image-3703\" src=\"https:\/\/agora.xtec.cat\/ceiprivorubeo\/wp-content\/uploads\/usu2655\/2024\/01\/foto2-1024x510.jpg\" alt=\"\" width=\"1024\" height=\"510\" srcset=\"https:\/\/agora.xtec.cat\/ceiprivorubeo\/wp-content\/uploads\/usu2655\/2024\/01\/foto2-1024x510.jpg 1024w, https:\/\/agora.xtec.cat\/ceiprivorubeo\/wp-content\/uploads\/usu2655\/2024\/01\/foto2-300x149.jpg 300w, https:\/\/agora.xtec.cat\/ceiprivorubeo\/wp-content\/uploads\/usu2655\/2024\/01\/foto2-768x382.jpg 768w, https:\/\/agora.xtec.cat\/ceiprivorubeo\/wp-content\/uploads\/usu2655\/2024\/01\/foto2-1536x764.jpg 1536w, https:\/\/agora.xtec.cat\/ceiprivorubeo\/wp-content\/uploads\/usu2655\/2024\/01\/foto2-2048x1019.jpg 2048w\" sizes=\"auto, (max-width: 1024px) 100vw, 1024px\" \/><\/a> <a href=\"https:\/\/agora.xtec.cat\/ceiprivorubeo\/wp-content\/uploads\/usu2655\/2024\/01\/foto1-scaled.jpg\"><img loading=\"lazy\" decoding=\"async\" class=\"alignnone size-large wp-image-3704\" src=\"https:\/\/agora.xtec.cat\/ceiprivorubeo\/wp-content\/uploads\/usu2655\/2024\/01\/foto1-1024x685.jpg\" alt=\"\" width=\"1024\" height=\"685\" srcset=\"https:\/\/agora.xtec.cat\/ceiprivorubeo\/wp-content\/uploads\/usu2655\/2024\/01\/foto1-1024x685.jpg 1024w, https:\/\/agora.xtec.cat\/ceiprivorubeo\/wp-content\/uploads\/usu2655\/2024\/01\/foto1-300x201.jpg 300w, https:\/\/agora.xtec.cat\/ceiprivorubeo\/wp-content\/uploads\/usu2655\/2024\/01\/foto1-768x514.jpg 768w, https:\/\/agora.xtec.cat\/ceiprivorubeo\/wp-content\/uploads\/usu2655\/2024\/01\/foto1-1536x1027.jpg 1536w, https:\/\/agora.xtec.cat\/ceiprivorubeo\/wp-content\/uploads\/usu2655\/2024\/01\/foto1-2048x1370.jpg 2048w\" sizes=\"auto, (max-width: 1024px) 100vw, 1024px\" \/><\/a><\/p>\n","protected":false},"excerpt":{"rendered":"<p>Fam\u00edlies,<br \/>\nAquesta setmana hem estrenat dos elements nous al pati de Petits: 2 casetes de fusta i 2 taules de p\u00edcnic.<br \/>\nCasetes de fusta: Fomentant la creativitat i la imaginaci\u00f3<br \/>\nLes casetes de fusta s\u00f3n m\u00e9s que simples estructures al pati; s\u00f3n espais que inspiren la creativitat i&hellip;  <a href=\"https:\/\/agora.xtec.cat\/ceiprivorubeo\/portada\/estrenem-elements-al-pati-de-petits\/\" title=\"Read Estrenem elements al pati de Petits!\">Llegeix m\u00e9s\u00bb<\/a><\/p>\n","protected":false},"author":1,"featured_media":0,"comment_status":"open","ping_status":"closed","sticky":false,"template":"","format":"standard","meta":{"_bbp_topic_count":0,"_bbp_reply_count":0,"_bbp_total_topic_count":0,"_bbp_total_reply_count":0,"_bbp_voice_count":0,"_bbp_anonymous_reply_count":0,"_bbp_topic_count_hidden":0,"_bbp_reply_count_hidden":0,"_bbp_forum_subforum_count":0,"footnotes":""},"categories":[4],"tags":[],"class_list":["post-3702","post","type-post","status-publish","format-standard","hentry","category-portada"],"post_mailing_queue_ids":[],"_links":{"self":[{"href":"https:\/\/agora.xtec.cat\/ceiprivorubeo\/wp-json\/wp\/v2\/posts\/3702","targetHints":{"allow":["GET"]}}],"collection":[{"href":"https:\/\/agora.xtec.cat\/ceiprivorubeo\/wp-json\/wp\/v2\/posts"}],"about":[{"href":"https:\/\/agora.xtec.cat\/ceiprivorubeo\/wp-json\/wp\/v2\/types\/post"}],"author":[{"embeddable":true,"href":"https:\/\/agora.xtec.cat\/ceiprivorubeo\/wp-json\/wp\/v2\/users\/1"}],"replies":[{"embeddable":true,"href":"https:\/\/agora.xtec.cat\/ceiprivorubeo\/wp-json\/wp\/v2\/comments?post=3702"}],"version-history":[{"count":1,"href":"https:\/\/agora.xtec.cat\/ceiprivorubeo\/wp-json\/wp\/v2\/posts\/3702\/revisions"}],"predecessor-version":[{"id":3705,"href":"https:\/\/agora.xtec.cat\/ceiprivorubeo\/wp-json\/wp\/v2\/posts\/3702\/revisions\/3705"}],"wp:attachment":[{"href":"https:\/\/agora.xtec.cat\/ceiprivorubeo\/wp-json\/wp\/v2\/media?parent=3702"}],"wp:term":[{"taxonomy":"category","embeddable":true,"href":"https:\/\/agora.xtec.cat\/ceiprivorubeo\/wp-json\/wp\/v2\/categories?post=3702"},{"taxonomy":"post_tag","embeddable":true,"href":"https:\/\/agora.xtec.cat\/ceiprivorubeo\/wp-json\/wp\/v2\/tags?post=3702"}],"curies":[{"name":"wp","href":"https:\/\/api.w.org\/{rel}","templated":true}]}}