{"id":3494,"date":"2023-12-19T16:15:15","date_gmt":"2023-12-19T15:15:15","guid":{"rendered":"https:\/\/agora.xtec.cat\/ceiprivorubeo\/?p=3494"},"modified":"2023-12-19T16:15:15","modified_gmt":"2023-12-19T15:15:15","slug":"propostes-artistiques","status":"publish","type":"post","link":"https:\/\/agora.xtec.cat\/ceiprivorubeo\/general\/propostes-artistiques\/","title":{"rendered":"Propostes art\u00edstiques"},"content":{"rendered":"<p align=\"justify\">Dins l\u2019<b>\u00e0mbit\u00a0<span class=\"il\">art<\/span>\u00edstic de la pl\u00e0stica<\/b>, durant cadascun dels tres trimestres del curs, coneixem diferents autores rellevants per la hist\u00f2ria per, posteriorment, realitzar una composici\u00f3. Descobrim qui eren, algunes obres que van crear, com tamb\u00e9 en quin estil van destacar.<\/p>\n<p>A continuaci\u00f3, podeu veure algunes\u00a0<a href=\"https:\/\/drive.google.com\/drive\/folders\/1S46CZ2Tc-oTGdIwcL4y_X-rKBHWQP8vl?usp=drive_link\"><b>fotografies<\/b>\u00a0<\/a>del proc\u00e9s de les creacions que han fet aquest trimestre els alumnes de sis\u00e8. Han fet les seves pr\u00f2pies versions seguint les referents de\u00a0l\u2019estil\u00a0de l\u2019<b>impressionisme<\/b> amb aquarel\u00b7les segons Marie Blacquemond i l\u2019estil del\u00a0<b>simultaneisme<\/b>\u00a0amb ceres segons Sonia Delaunay. Dues produccions ben diferents per experimentar i potenciar les seves habilitats de dibuix i pintura.<\/p>\n<p><a href=\"https:\/\/agora.xtec.cat\/ceiprivorubeo\/wp-content\/uploads\/usu2655\/2023\/12\/1702998664233-1-scaled.jpg\"><img loading=\"lazy\" decoding=\"async\" class=\"alignnone size-large wp-image-3498\" src=\"https:\/\/agora.xtec.cat\/ceiprivorubeo\/wp-content\/uploads\/usu2655\/2023\/12\/1702998664233-1-1024x576.jpg\" alt=\"\" width=\"1024\" height=\"576\" srcset=\"https:\/\/agora.xtec.cat\/ceiprivorubeo\/wp-content\/uploads\/usu2655\/2023\/12\/1702998664233-1-1024x576.jpg 1024w, https:\/\/agora.xtec.cat\/ceiprivorubeo\/wp-content\/uploads\/usu2655\/2023\/12\/1702998664233-1-300x169.jpg 300w, https:\/\/agora.xtec.cat\/ceiprivorubeo\/wp-content\/uploads\/usu2655\/2023\/12\/1702998664233-1-768x432.jpg 768w, https:\/\/agora.xtec.cat\/ceiprivorubeo\/wp-content\/uploads\/usu2655\/2023\/12\/1702998664233-1-1536x864.jpg 1536w, https:\/\/agora.xtec.cat\/ceiprivorubeo\/wp-content\/uploads\/usu2655\/2023\/12\/1702998664233-1-2048x1152.jpg 2048w\" sizes=\"auto, (max-width: 1024px) 100vw, 1024px\" \/><\/a><\/p>\n","protected":false},"excerpt":{"rendered":"<p>Dins l\u2019\u00e0mbit\u00a0art\u00edstic de la pl\u00e0stica, durant cadascun dels tres trimestres del curs, coneixem diferents autores rellevants per la hist\u00f2ria per, posteriorment, realitzar una composici\u00f3. Descobrim qui eren, algunes obres que van crear, com tamb\u00e9 en quin estil van destacar.<br \/>\nA continuaci\u00f3, podeu veure algunes\u00a0<a href=\"https:\/\/drive.google.com\/drive\/folders\/1S46CZ2Tc-oTGdIwcL4y_X-rKBHWQP8vl?usp=drive_link\">fotografies\u00a0<\/a>del proc\u00e9s&hellip;  <a href=\"https:\/\/agora.xtec.cat\/ceiprivorubeo\/general\/propostes-artistiques\/\" title=\"Read Propostes art\u00edstiques\">Llegeix m\u00e9s\u00bb<\/a><\/p>\n","protected":false},"author":21,"featured_media":3498,"comment_status":"open","ping_status":"closed","sticky":false,"template":"","format":"standard","meta":{"_bbp_topic_count":0,"_bbp_reply_count":0,"_bbp_total_topic_count":0,"_bbp_total_reply_count":0,"_bbp_voice_count":0,"_bbp_anonymous_reply_count":0,"_bbp_topic_count_hidden":0,"_bbp_reply_count_hidden":0,"_bbp_forum_subforum_count":0,"footnotes":""},"categories":[1,14],"tags":[],"class_list":["post-3494","post","type-post","status-publish","format-standard","has-post-thumbnail","hentry","category-general","category-6e"],"post_mailing_queue_ids":[],"_links":{"self":[{"href":"https:\/\/agora.xtec.cat\/ceiprivorubeo\/wp-json\/wp\/v2\/posts\/3494","targetHints":{"allow":["GET"]}}],"collection":[{"href":"https:\/\/agora.xtec.cat\/ceiprivorubeo\/wp-json\/wp\/v2\/posts"}],"about":[{"href":"https:\/\/agora.xtec.cat\/ceiprivorubeo\/wp-json\/wp\/v2\/types\/post"}],"author":[{"embeddable":true,"href":"https:\/\/agora.xtec.cat\/ceiprivorubeo\/wp-json\/wp\/v2\/users\/21"}],"replies":[{"embeddable":true,"href":"https:\/\/agora.xtec.cat\/ceiprivorubeo\/wp-json\/wp\/v2\/comments?post=3494"}],"version-history":[{"count":3,"href":"https:\/\/agora.xtec.cat\/ceiprivorubeo\/wp-json\/wp\/v2\/posts\/3494\/revisions"}],"predecessor-version":[{"id":3499,"href":"https:\/\/agora.xtec.cat\/ceiprivorubeo\/wp-json\/wp\/v2\/posts\/3494\/revisions\/3499"}],"wp:featuredmedia":[{"embeddable":true,"href":"https:\/\/agora.xtec.cat\/ceiprivorubeo\/wp-json\/wp\/v2\/media\/3498"}],"wp:attachment":[{"href":"https:\/\/agora.xtec.cat\/ceiprivorubeo\/wp-json\/wp\/v2\/media?parent=3494"}],"wp:term":[{"taxonomy":"category","embeddable":true,"href":"https:\/\/agora.xtec.cat\/ceiprivorubeo\/wp-json\/wp\/v2\/categories?post=3494"},{"taxonomy":"post_tag","embeddable":true,"href":"https:\/\/agora.xtec.cat\/ceiprivorubeo\/wp-json\/wp\/v2\/tags?post=3494"}],"curies":[{"name":"wp","href":"https:\/\/api.w.org\/{rel}","templated":true}]}}