{"id":3441,"date":"2023-12-01T13:41:11","date_gmt":"2023-12-01T12:41:11","guid":{"rendered":"https:\/\/agora.xtec.cat\/ceiprivorubeo\/?p=3441"},"modified":"2023-12-01T13:41:11","modified_gmt":"2023-12-01T12:41:11","slug":"mesures-contra-la-sequera","status":"publish","type":"post","link":"https:\/\/agora.xtec.cat\/ceiprivorubeo\/butlleti\/mesures-contra-la-sequera\/","title":{"rendered":"Mesures contra la sequera"},"content":{"rendered":"<p>Els darrers\u00a0<strong>tres anys<\/strong>\u00a0estem vivint la\u00a0<strong>sequera<\/strong>\u00a0m\u00e9s greu des que hi ha registres, tant per la durada com per les conseq\u00fc\u00e8ncies que est\u00e0 tenint al\u00a0territori.<\/p>\n<p>A hores d&#8217;ara,\u00a0m\u00e9s de la meitat de l&#8217;aigua que utilitzem cada dia\u00a0no prov\u00e9\u00a0de la pluja, sin\u00f3 que \u00e9s aigua recuperada o dessalinitzada.<\/p>\n<p>La\u00a0Generalitat de Catalunya,\u00a0mitjan\u00e7ant\u00a0l&#8217;<wbr \/>Ag\u00e8ncia Catalana de l&#8217;Aigua, ha posat en marxa la campanya\u00a0<strong>Emerg\u00e8ncia per sequera: l&#8217;aigua no cau del cel.<\/strong> L&#8217;objectiu \u00e9s que prenguem consci\u00e8ncia de la necessitat de\u00a0reduir el consum d&#8217;aigua,\u00a0que actualment \u00e9s d&#8217;uns 117 litres per persona i dia.<\/p>\n<p>\u00c9s important que cadasc\u00fa\u200b de nosaltres ens conscienciem de la situaci\u00f3 d&#8217;emerg\u00e8ncia i de les petites actuacions amb qu\u00e8 podem contribuir a no agreujar-la i a vetllar perqu\u00e8 la poca aigua disponible pugui durar m\u00e9s temps i arribi a tothom.<\/p>\n<p><strong>Estalviar aigua i fer-ne un \u00fas responsable \u00e9s m\u00e9s urgent que mai, i per aix\u00f2 \u00e9s important que ens hi impliquem.\u00a0<\/strong><\/p>\n<p style=\"text-align: center;\"><a href=\"https:\/\/agora.xtec.cat\/ceiprivorubeo\/wp-content\/uploads\/usu2655\/2023\/12\/cartell-centres.png\"><img loading=\"lazy\" decoding=\"async\" class=\"alignnone size-full wp-image-3442\" src=\"https:\/\/agora.xtec.cat\/ceiprivorubeo\/wp-content\/uploads\/usu2655\/2023\/12\/cartell-centres.png\" alt=\"\" width=\"604\" height=\"798\" srcset=\"https:\/\/agora.xtec.cat\/ceiprivorubeo\/wp-content\/uploads\/usu2655\/2023\/12\/cartell-centres.png 604w, https:\/\/agora.xtec.cat\/ceiprivorubeo\/wp-content\/uploads\/usu2655\/2023\/12\/cartell-centres-227x300.png 227w\" sizes=\"auto, (max-width: 604px) 100vw, 604px\" \/><\/a><\/p>\n","protected":false},"excerpt":{"rendered":"<p>Els darrers\u00a0tres anys\u00a0estem vivint la\u00a0sequera\u00a0m\u00e9s greu des que hi ha registres, tant per la durada com per les conseq\u00fc\u00e8ncies que est\u00e0 tenint al\u00a0territori.<br \/>\nA hores d&#8217;ara,\u00a0m\u00e9s de la meitat de l&#8217;aigua que utilitzem cada dia\u00a0no prov\u00e9\u00a0de la pluja, sin\u00f3 que \u00e9s aigua recuperada o dessalinitzada.<br \/>\nLa\u00a0Generalitat de&hellip;  <a href=\"https:\/\/agora.xtec.cat\/ceiprivorubeo\/butlleti\/mesures-contra-la-sequera\/\" title=\"Read Mesures contra la sequera\">Llegeix m\u00e9s\u00bb<\/a><\/p>\n","protected":false},"author":1,"featured_media":0,"comment_status":"open","ping_status":"closed","sticky":false,"template":"","format":"standard","meta":{"_bbp_topic_count":0,"_bbp_reply_count":0,"_bbp_total_topic_count":0,"_bbp_total_reply_count":0,"_bbp_voice_count":0,"_bbp_anonymous_reply_count":0,"_bbp_topic_count_hidden":0,"_bbp_reply_count_hidden":0,"_bbp_forum_subforum_count":0,"footnotes":""},"categories":[65,86],"tags":[],"class_list":["post-3441","post","type-post","status-publish","format-standard","hentry","category-butlleti","category-potser-tinteressa"],"post_mailing_queue_ids":[],"_links":{"self":[{"href":"https:\/\/agora.xtec.cat\/ceiprivorubeo\/wp-json\/wp\/v2\/posts\/3441","targetHints":{"allow":["GET"]}}],"collection":[{"href":"https:\/\/agora.xtec.cat\/ceiprivorubeo\/wp-json\/wp\/v2\/posts"}],"about":[{"href":"https:\/\/agora.xtec.cat\/ceiprivorubeo\/wp-json\/wp\/v2\/types\/post"}],"author":[{"embeddable":true,"href":"https:\/\/agora.xtec.cat\/ceiprivorubeo\/wp-json\/wp\/v2\/users\/1"}],"replies":[{"embeddable":true,"href":"https:\/\/agora.xtec.cat\/ceiprivorubeo\/wp-json\/wp\/v2\/comments?post=3441"}],"version-history":[{"count":1,"href":"https:\/\/agora.xtec.cat\/ceiprivorubeo\/wp-json\/wp\/v2\/posts\/3441\/revisions"}],"predecessor-version":[{"id":3443,"href":"https:\/\/agora.xtec.cat\/ceiprivorubeo\/wp-json\/wp\/v2\/posts\/3441\/revisions\/3443"}],"wp:attachment":[{"href":"https:\/\/agora.xtec.cat\/ceiprivorubeo\/wp-json\/wp\/v2\/media?parent=3441"}],"wp:term":[{"taxonomy":"category","embeddable":true,"href":"https:\/\/agora.xtec.cat\/ceiprivorubeo\/wp-json\/wp\/v2\/categories?post=3441"},{"taxonomy":"post_tag","embeddable":true,"href":"https:\/\/agora.xtec.cat\/ceiprivorubeo\/wp-json\/wp\/v2\/tags?post=3441"}],"curies":[{"name":"wp","href":"https:\/\/api.w.org\/{rel}","templated":true}]}}