{"id":3418,"date":"2023-12-01T09:23:09","date_gmt":"2023-12-01T08:23:09","guid":{"rendered":"https:\/\/agora.xtec.cat\/ceiprivorubeo\/?p=3418"},"modified":"2023-12-01T09:23:09","modified_gmt":"2023-12-01T08:23:09","slug":"dia-internacional-de-les-persones-amb-diversitat-funcional","status":"publish","type":"post","link":"https:\/\/agora.xtec.cat\/ceiprivorubeo\/butlleti\/dia-internacional-de-les-persones-amb-diversitat-funcional\/","title":{"rendered":"Dia Internacional de les Persones amb Diversitat Funcional"},"content":{"rendered":"<p>Durant aquesta setmana s&#8217;estan duent a terme diferents activitats en relaci\u00f3 amb el dia internacional de les persones amb diversitat funcional.<\/p>\n<p>Diumenge tindr\u00e0 lloc la festa de cloenda:<\/p>\n<p>A partir de les 10:30 h, es podran visitar a la Pla\u00e7a Dr. Guardiet les paradetes informatives de les entitats i serveis de l\u2019\u00e0mbit de la diversitat funcional. Algunes tamb\u00e9 oferiran tallers educatius. Cliqueu <a href=\"https:\/\/www.rubi.cat\/ca\/temes\/diversitat-funcional\/dia-internacional-de-les-persones-amb-diversitat-funcional\/dia-internacional-de-les-persones-amb-diversitat-funcional\">aqu\u00ed<\/a>\u00a0per tenir-ne m\u00e9s informaci\u00f3.<\/p>\n<p>A les 13 h, tindr\u00e0 lloc el discurs de l\u2019alcaldessa, Ana Maria Mart\u00ednez Mart\u00ednez. El lema del manifest d\u2019enguany, escollit per les entitats i serveis de l\u2019\u00e0mbit de la diversitat funcional de Rub\u00ed ha estat: \u00abEscolteu-nos! Nosaltres tamb\u00e9&#8230;\u00bb. Aquest vol fer refer\u00e8ncia al dret a poder decidir de les persones<br \/>\namb discapacitat en tots els \u00e0mbits de la seva vida.<\/p>\n<p>La festa conclour\u00e0 de 13h a 14:30h amb una sessi\u00f3 de discj\u00f2quei PD EFA.<\/p>\n","protected":false},"excerpt":{"rendered":"<p>Durant aquesta setmana s&#8217;estan duent a terme diferents activitats en relaci\u00f3 amb el dia internacional de les persones amb diversitat funcional.<br \/>\nDiumenge tindr\u00e0 lloc la festa de cloenda:<br \/>\nA partir de les 10:30 h, es podran visitar a la Pla\u00e7a Dr. Guardiet les paradetes informatives de les&hellip;  <a href=\"https:\/\/agora.xtec.cat\/ceiprivorubeo\/butlleti\/dia-internacional-de-les-persones-amb-diversitat-funcional\/\" title=\"Read Dia Internacional de les Persones amb Diversitat Funcional\">Llegeix m\u00e9s\u00bb<\/a><\/p>\n","protected":false},"author":1,"featured_media":0,"comment_status":"open","ping_status":"closed","sticky":false,"template":"","format":"standard","meta":{"_bbp_topic_count":0,"_bbp_reply_count":0,"_bbp_total_topic_count":0,"_bbp_total_reply_count":0,"_bbp_voice_count":0,"_bbp_anonymous_reply_count":0,"_bbp_topic_count_hidden":0,"_bbp_reply_count_hidden":0,"_bbp_forum_subforum_count":0,"footnotes":""},"categories":[65,86],"tags":[],"class_list":["post-3418","post","type-post","status-publish","format-standard","hentry","category-butlleti","category-potser-tinteressa"],"post_mailing_queue_ids":[],"_links":{"self":[{"href":"https:\/\/agora.xtec.cat\/ceiprivorubeo\/wp-json\/wp\/v2\/posts\/3418","targetHints":{"allow":["GET"]}}],"collection":[{"href":"https:\/\/agora.xtec.cat\/ceiprivorubeo\/wp-json\/wp\/v2\/posts"}],"about":[{"href":"https:\/\/agora.xtec.cat\/ceiprivorubeo\/wp-json\/wp\/v2\/types\/post"}],"author":[{"embeddable":true,"href":"https:\/\/agora.xtec.cat\/ceiprivorubeo\/wp-json\/wp\/v2\/users\/1"}],"replies":[{"embeddable":true,"href":"https:\/\/agora.xtec.cat\/ceiprivorubeo\/wp-json\/wp\/v2\/comments?post=3418"}],"version-history":[{"count":1,"href":"https:\/\/agora.xtec.cat\/ceiprivorubeo\/wp-json\/wp\/v2\/posts\/3418\/revisions"}],"predecessor-version":[{"id":3419,"href":"https:\/\/agora.xtec.cat\/ceiprivorubeo\/wp-json\/wp\/v2\/posts\/3418\/revisions\/3419"}],"wp:attachment":[{"href":"https:\/\/agora.xtec.cat\/ceiprivorubeo\/wp-json\/wp\/v2\/media?parent=3418"}],"wp:term":[{"taxonomy":"category","embeddable":true,"href":"https:\/\/agora.xtec.cat\/ceiprivorubeo\/wp-json\/wp\/v2\/categories?post=3418"},{"taxonomy":"post_tag","embeddable":true,"href":"https:\/\/agora.xtec.cat\/ceiprivorubeo\/wp-json\/wp\/v2\/tags?post=3418"}],"curies":[{"name":"wp","href":"https:\/\/api.w.org\/{rel}","templated":true}]}}