{"id":3416,"date":"2023-12-01T14:59:43","date_gmt":"2023-12-01T13:59:43","guid":{"rendered":"https:\/\/agora.xtec.cat\/ceiprivorubeo\/?p=3416"},"modified":"2023-12-01T15:27:54","modified_gmt":"2023-12-01T14:27:54","slug":"nadal-a-lescola-programacio-daquest-mes","status":"publish","type":"post","link":"https:\/\/agora.xtec.cat\/ceiprivorubeo\/general\/nadal-a-lescola-programacio-daquest-mes\/","title":{"rendered":"Nadal a l&#8217;escola: Programaci\u00f3 d&#8217;aquest mes."},"content":{"rendered":"<p>Hola, fam\u00edlies!<\/p>\n<p>S\u2019acosta el final de trimestre m\u00e9s festiu del curs! Amb les festes de Nadal retornem a les tradicions de l\u2019escola.<\/p>\n<p>Des de les tutories se us faran arribar les informacions m\u00e9s concretes de cada classe, per\u00f2 trobem interessant que conegueu qu\u00e8 passar\u00e0 a l\u2019escola durant els dies vinents.<\/p>\n<ul>\n<li>El 5 de desembre les classes de grans faran la <strong>fira d\u2019intercanvi<\/strong>. Amb aquesta activitat es promou que l\u2019alumnat pugui fer el seu regal d\u2019amic invisible amb alguna cosa que h\u00e0gim trobat a la mateixa fira.<\/li>\n<li>Us recordem que el pr\u00f2xim <strong>7\u00a0de desembre l\u2019escola estar\u00e0 tancada,\u00a0<\/strong>ja que\u00a0\u00e9s un dia festiu de lliure disposici\u00f3.<\/li>\n<li>Les classes d\u2019EI5, com ja \u00e9s tradici\u00f3, seran les\u00a0<strong>responsables d\u2019elaborar la postal de Nadal <\/strong>que fem arribar a totes les fam\u00edlies.<\/li>\n<li>El dia 12 de desembre, les classes de 1r faran la seva\u00a0<strong>expedici\u00f3 al bosc de Sant Gen\u00eds per anar a trobar el ti\u00f3<\/strong>! Esperem que el trobin!<\/li>\n<li>El mat\u00ed del dia 13, les classes d\u2019EI5 aniran a\u00a0<strong>cantar Ll\u00facies <\/strong>a Sant Jordi Parc.<\/li>\n<li>Aquella mateixa setmana les classes de 2n aniran a <strong>cantar nadales a la resid\u00e8ncia d\u2019avis Conxita Valls<\/strong>.<\/li>\n<li>El dia 15 de desembre les classes d\u2019EI5 tindran una\u00a0<strong>sortida molt especial <\/strong>al Castell de Rub\u00ed.<\/li>\n<li>El dia 18, el cicle de Grans a la tarda, gaudiran d\u2019unes bones partides de Quinto Nadalenc, amb premis per a tothom!<\/li>\n<li>El dia 19 farem festa grossa, Petits i Mitjans faran cagar el Ti\u00f3 i tindran un berenar de Nadal!<\/li>\n<li>El dia 20 de desembre Grans far\u00e0 l\u2019amic invisible, i despr\u00e9s farem el concert de Nadal a l\u2019escola.\u00a0<strong>Ser\u00e0 a les 11h al pati de prim\u00e0ria (<\/strong>en\u00a0cas de pluja es far\u00e0 un pla B).<\/li>\n<li>Us recordem, tamb\u00e9, que el\u00a0<strong>20 de desembre l\u2019horari ser\u00e0 intensiu i que, per tant, plegarem a les 13h.<\/strong><\/li>\n<\/ul>\n","protected":false},"excerpt":{"rendered":"<p>Hola, fam\u00edlies!<br \/>\nS\u2019acosta el final de trimestre m\u00e9s festiu del curs! Amb les festes de Nadal retornem a les tradicions de l\u2019escola.<br \/>\nDes de les tutories se us faran arribar les informacions m\u00e9s concretes de cada classe, per\u00f2 trobem interessant que conegueu qu\u00e8 passar\u00e0 a l\u2019escola durant&hellip;  <a href=\"https:\/\/agora.xtec.cat\/ceiprivorubeo\/general\/nadal-a-lescola-programacio-daquest-mes\/\" title=\"Read Nadal a l&#8217;escola: Programaci\u00f3 d&#8217;aquest mes.\">Llegeix m\u00e9s\u00bb<\/a><\/p>\n","protected":false},"author":1,"featured_media":0,"comment_status":"open","ping_status":"closed","sticky":false,"template":"","format":"standard","meta":{"_bbp_topic_count":0,"_bbp_reply_count":0,"_bbp_total_topic_count":0,"_bbp_total_reply_count":0,"_bbp_voice_count":0,"_bbp_anonymous_reply_count":0,"_bbp_topic_count_hidden":0,"_bbp_reply_count_hidden":0,"_bbp_forum_subforum_count":0,"footnotes":""},"categories":[65,1,4],"tags":[],"class_list":["post-3416","post","type-post","status-publish","format-standard","hentry","category-butlleti","category-general","category-portada"],"post_mailing_queue_ids":[],"_links":{"self":[{"href":"https:\/\/agora.xtec.cat\/ceiprivorubeo\/wp-json\/wp\/v2\/posts\/3416","targetHints":{"allow":["GET"]}}],"collection":[{"href":"https:\/\/agora.xtec.cat\/ceiprivorubeo\/wp-json\/wp\/v2\/posts"}],"about":[{"href":"https:\/\/agora.xtec.cat\/ceiprivorubeo\/wp-json\/wp\/v2\/types\/post"}],"author":[{"embeddable":true,"href":"https:\/\/agora.xtec.cat\/ceiprivorubeo\/wp-json\/wp\/v2\/users\/1"}],"replies":[{"embeddable":true,"href":"https:\/\/agora.xtec.cat\/ceiprivorubeo\/wp-json\/wp\/v2\/comments?post=3416"}],"version-history":[{"count":3,"href":"https:\/\/agora.xtec.cat\/ceiprivorubeo\/wp-json\/wp\/v2\/posts\/3416\/revisions"}],"predecessor-version":[{"id":3451,"href":"https:\/\/agora.xtec.cat\/ceiprivorubeo\/wp-json\/wp\/v2\/posts\/3416\/revisions\/3451"}],"wp:attachment":[{"href":"https:\/\/agora.xtec.cat\/ceiprivorubeo\/wp-json\/wp\/v2\/media?parent=3416"}],"wp:term":[{"taxonomy":"category","embeddable":true,"href":"https:\/\/agora.xtec.cat\/ceiprivorubeo\/wp-json\/wp\/v2\/categories?post=3416"},{"taxonomy":"post_tag","embeddable":true,"href":"https:\/\/agora.xtec.cat\/ceiprivorubeo\/wp-json\/wp\/v2\/tags?post=3416"}],"curies":[{"name":"wp","href":"https:\/\/api.w.org\/{rel}","templated":true}]}}