{"id":3413,"date":"2023-12-01T16:13:07","date_gmt":"2023-12-01T15:13:07","guid":{"rendered":"https:\/\/agora.xtec.cat\/ceiprivorubeo\/?p=3413"},"modified":"2023-12-01T16:13:07","modified_gmt":"2023-12-01T15:13:07","slug":"sortida-al-museu-del-disseny-2","status":"publish","type":"post","link":"https:\/\/agora.xtec.cat\/ceiprivorubeo\/primaria\/grans\/5e\/sortida-al-museu-del-disseny-2\/","title":{"rendered":"SORTIDA AL MUSEU DEL DISSENY"},"content":{"rendered":"<p>La sortida al Museu del Disseny \u00e9s l&#8217;activitat que dona el tret de sortida a un dels grans projectes d&#8217;aquest curs: la cooperativa. Aquest projecte donar\u00e0 peu a qu\u00e8 les fam\u00edlies vingueu a ajudar-nos i pogu\u00e9 compartir aquest treball amb vosaltres.<\/p>\n<p>A l&#8217;hora de crear les nostres cooperatives un dels aspectes m\u00e9s importants a tenir en compte \u00e9s la creaci\u00f3 d&#8217;un logo. I, en aquesta sortida, ens van explicar quins elements s\u00f3n rellevants a l&#8217;hora de fer el nostre propi disseny gr\u00e0fic (Logo): la tipografia, el color, la forma i la composici\u00f3.<\/p>\n<p>Despr\u00e9s de la visita al museu vam fer un taller on vam posar en pr\u00e0ctica tot el que ens van explicar.<\/p>\n<p>Esperem que us agradin les nostres creacions. Sereu capa\u00e7os de recon\u00e8ixer quins adjectius representen? Podeu escriure les vostres respostes als comentaris. SORT!<\/p>\n<p><a href=\"https:\/\/drive.google.com\/drive\/folders\/17gxS5_195wc2JSu10N4ux2xHGn2-7zLW?usp=sharing\">Museu del Disseny<\/a><\/p>\n<p><a href=\"https:\/\/drive.google.com\/drive\/folders\/1Be5xPwk0JeWl0k95J-ovoM-i23CGJNsx?usp=sharing\">DISSENYS ALUMNAT<\/a><\/p>\n","protected":false},"excerpt":{"rendered":"<p>La sortida al Museu del Disseny \u00e9s l&#8217;activitat que dona el tret de sortida a un dels grans projectes d&#8217;aquest curs: la cooperativa. Aquest projecte donar\u00e0 peu a qu\u00e8 les fam\u00edlies vingueu a ajudar-nos i pogu\u00e9 compartir aquest treball amb vosaltres.<br \/>\nA l&#8217;hora de crear les&hellip;  <a href=\"https:\/\/agora.xtec.cat\/ceiprivorubeo\/primaria\/grans\/5e\/sortida-al-museu-del-disseny-2\/\" title=\"Read SORTIDA AL MUSEU DEL DISSENY\">Llegeix m\u00e9s\u00bb<\/a><\/p>\n","protected":false},"author":19,"featured_media":0,"comment_status":"open","ping_status":"closed","sticky":false,"template":"","format":"standard","meta":{"_bbp_topic_count":0,"_bbp_reply_count":0,"_bbp_total_topic_count":0,"_bbp_total_reply_count":0,"_bbp_voice_count":0,"_bbp_anonymous_reply_count":0,"_bbp_topic_count_hidden":0,"_bbp_reply_count_hidden":0,"_bbp_forum_subforum_count":0,"footnotes":""},"categories":[13],"tags":[],"class_list":["post-3413","post","type-post","status-publish","format-standard","hentry","category-5e"],"post_mailing_queue_ids":[],"_links":{"self":[{"href":"https:\/\/agora.xtec.cat\/ceiprivorubeo\/wp-json\/wp\/v2\/posts\/3413","targetHints":{"allow":["GET"]}}],"collection":[{"href":"https:\/\/agora.xtec.cat\/ceiprivorubeo\/wp-json\/wp\/v2\/posts"}],"about":[{"href":"https:\/\/agora.xtec.cat\/ceiprivorubeo\/wp-json\/wp\/v2\/types\/post"}],"author":[{"embeddable":true,"href":"https:\/\/agora.xtec.cat\/ceiprivorubeo\/wp-json\/wp\/v2\/users\/19"}],"replies":[{"embeddable":true,"href":"https:\/\/agora.xtec.cat\/ceiprivorubeo\/wp-json\/wp\/v2\/comments?post=3413"}],"version-history":[{"count":2,"href":"https:\/\/agora.xtec.cat\/ceiprivorubeo\/wp-json\/wp\/v2\/posts\/3413\/revisions"}],"predecessor-version":[{"id":3439,"href":"https:\/\/agora.xtec.cat\/ceiprivorubeo\/wp-json\/wp\/v2\/posts\/3413\/revisions\/3439"}],"wp:attachment":[{"href":"https:\/\/agora.xtec.cat\/ceiprivorubeo\/wp-json\/wp\/v2\/media?parent=3413"}],"wp:term":[{"taxonomy":"category","embeddable":true,"href":"https:\/\/agora.xtec.cat\/ceiprivorubeo\/wp-json\/wp\/v2\/categories?post=3413"},{"taxonomy":"post_tag","embeddable":true,"href":"https:\/\/agora.xtec.cat\/ceiprivorubeo\/wp-json\/wp\/v2\/tags?post=3413"}],"curies":[{"name":"wp","href":"https:\/\/api.w.org\/{rel}","templated":true}]}}