{"id":3331,"date":"2023-11-19T19:03:36","date_gmt":"2023-11-19T18:03:36","guid":{"rendered":"https:\/\/agora.xtec.cat\/ceiprivorubeo\/?p=3331"},"modified":"2023-11-19T19:03:36","modified_gmt":"2023-11-19T18:03:36","slug":"castanyada-2023-2","status":"publish","type":"post","link":"https:\/\/agora.xtec.cat\/ceiprivorubeo\/primaria\/grans\/5e\/castanyada-2023-2\/","title":{"rendered":"CASTANYADA 2023"},"content":{"rendered":"<p>Hola, fam\u00edlies!<\/p>\n<p>El dimarts 31 d&#8217;octubre va ser un mat\u00ed ple d&#8217;emocions per a l&#8217;alumnat de 5\u00e8: van mostrar a tota l&#8217;escola les seves cucanyes!<\/p>\n<p>Ha estat un projecte amb el qual hem apr\u00e8s i hem gaudit molt. Despr\u00e9s de seleccionar les 9 cucanyes que s&#8217;havien de preparar a cada classe van haver de dissenyar la cucanya, crear les normes, pensar quin seria l&#8217;espai m\u00e9s adient, quin material seria el necessari per portar a terme cada cucanya, explicar el funcionament, i, un cop duta a terme l&#8217;activitat, valorar com va anar l&#8217;activitat i l&#8217;actuaci\u00f3 individual de cadasc\u00fa i cadascuna dins la seva cucanya.<\/p>\n<p>Hem fet un petit recull de fotos que volem compartir amb vosaltres. Tamb\u00e9 us adjuntem una foto del dimarts a la tarda: tot l&#8217;alumnat de prim\u00e0ria va baixa a menjar castanyes al pati. Ens ho vam passar molt b\u00e9!<\/p>\n<p><a href=\"https:\/\/drive.google.com\/drive\/folders\/1ZgcklODeS-DJKRuXkOA2OyXQJqrq3ifk?usp=sharing\">Castanyada 2023<\/a><\/p>\n","protected":false},"excerpt":{"rendered":"<p>Hola, fam\u00edlies!<br \/>\nEl dimarts 31 d&#8217;octubre va ser un mat\u00ed ple d&#8217;emocions per a l&#8217;alumnat de 5\u00e8: van mostrar a tota l&#8217;escola les seves cucanyes!<br \/>\nHa estat un projecte amb el qual hem apr\u00e8s i hem gaudit molt. Despr\u00e9s de seleccionar les 9 cucanyes que s&#8217;havien de&hellip;  <a href=\"https:\/\/agora.xtec.cat\/ceiprivorubeo\/primaria\/grans\/5e\/castanyada-2023-2\/\" title=\"Read CASTANYADA 2023\">Llegeix m\u00e9s\u00bb<\/a><\/p>\n","protected":false},"author":19,"featured_media":0,"comment_status":"open","ping_status":"closed","sticky":false,"template":"","format":"standard","meta":{"_bbp_topic_count":0,"_bbp_reply_count":0,"_bbp_total_topic_count":0,"_bbp_total_reply_count":0,"_bbp_voice_count":0,"_bbp_anonymous_reply_count":0,"_bbp_topic_count_hidden":0,"_bbp_reply_count_hidden":0,"_bbp_forum_subforum_count":0,"footnotes":""},"categories":[13],"tags":[],"class_list":["post-3331","post","type-post","status-publish","format-standard","hentry","category-5e"],"post_mailing_queue_ids":[],"_links":{"self":[{"href":"https:\/\/agora.xtec.cat\/ceiprivorubeo\/wp-json\/wp\/v2\/posts\/3331","targetHints":{"allow":["GET"]}}],"collection":[{"href":"https:\/\/agora.xtec.cat\/ceiprivorubeo\/wp-json\/wp\/v2\/posts"}],"about":[{"href":"https:\/\/agora.xtec.cat\/ceiprivorubeo\/wp-json\/wp\/v2\/types\/post"}],"author":[{"embeddable":true,"href":"https:\/\/agora.xtec.cat\/ceiprivorubeo\/wp-json\/wp\/v2\/users\/19"}],"replies":[{"embeddable":true,"href":"https:\/\/agora.xtec.cat\/ceiprivorubeo\/wp-json\/wp\/v2\/comments?post=3331"}],"version-history":[{"count":1,"href":"https:\/\/agora.xtec.cat\/ceiprivorubeo\/wp-json\/wp\/v2\/posts\/3331\/revisions"}],"predecessor-version":[{"id":3332,"href":"https:\/\/agora.xtec.cat\/ceiprivorubeo\/wp-json\/wp\/v2\/posts\/3331\/revisions\/3332"}],"wp:attachment":[{"href":"https:\/\/agora.xtec.cat\/ceiprivorubeo\/wp-json\/wp\/v2\/media?parent=3331"}],"wp:term":[{"taxonomy":"category","embeddable":true,"href":"https:\/\/agora.xtec.cat\/ceiprivorubeo\/wp-json\/wp\/v2\/categories?post=3331"},{"taxonomy":"post_tag","embeddable":true,"href":"https:\/\/agora.xtec.cat\/ceiprivorubeo\/wp-json\/wp\/v2\/tags?post=3331"}],"curies":[{"name":"wp","href":"https:\/\/api.w.org\/{rel}","templated":true}]}}