{"id":3305,"date":"2023-11-17T12:06:57","date_gmt":"2023-11-17T11:06:57","guid":{"rendered":"https:\/\/agora.xtec.cat\/ceiprivorubeo\/?p=3305"},"modified":"2023-11-17T12:06:57","modified_gmt":"2023-11-17T11:06:57","slug":"barcelona-pensa-16-11-2023","status":"publish","type":"post","link":"https:\/\/agora.xtec.cat\/ceiprivorubeo\/portada\/barcelona-pensa-16-11-2023\/","title":{"rendered":"Barcelona pensa- 16\/11\/2023"},"content":{"rendered":"<p>Coincidint amb el Dia Mundial de la Filosofia de la UNESCO, arriba la desena edici\u00f3 del Festival de Filosofia Barcelona Pensa. Representants de l&#8217;alumnat de 3r i 5\u00e8 van assistir ahir per participar de la jornada \u201cEl temps i el canvi\u201d, organitzada pel Grup Iref per a totes les Filoescoles.<\/p>\n<p>Van tenir intervencions com aquestes:<br \/>\n&#8220;El temps \u00e9s infinit, per\u00f2 hi ha un temps per a cada persona&#8221;<br \/>\n&#8220;El temps passa de diferent manera per cada persona perqu\u00e8 est\u00e0 connectat amb les nostres emocions&#8221;.<\/p>\n<p>Moltes gr\u00e0cies per vostra participaci\u00f3 i implicaci\u00f3!<\/p>\n<p><a href=\"https:\/\/agora.xtec.cat\/ceiprivorubeo\/wp-content\/uploads\/usu2655\/2023\/11\/IMG-20231116-WA0016.jpg\">\u00a0 <\/a><a href=\"https:\/\/agora.xtec.cat\/ceiprivorubeo\/wp-content\/uploads\/usu2655\/2023\/11\/IMG-20231116-WA0016.jpg\"><img loading=\"lazy\" decoding=\"async\" class=\"size-large wp-image-3307 aligncenter\" src=\"https:\/\/agora.xtec.cat\/ceiprivorubeo\/wp-content\/uploads\/usu2655\/2023\/11\/IMG-20231116-WA0016-1024x577.jpg\" alt=\"\" width=\"1024\" height=\"577\" srcset=\"https:\/\/agora.xtec.cat\/ceiprivorubeo\/wp-content\/uploads\/usu2655\/2023\/11\/IMG-20231116-WA0016-1024x577.jpg 1024w, https:\/\/agora.xtec.cat\/ceiprivorubeo\/wp-content\/uploads\/usu2655\/2023\/11\/IMG-20231116-WA0016-300x169.jpg 300w, https:\/\/agora.xtec.cat\/ceiprivorubeo\/wp-content\/uploads\/usu2655\/2023\/11\/IMG-20231116-WA0016-768x432.jpg 768w, https:\/\/agora.xtec.cat\/ceiprivorubeo\/wp-content\/uploads\/usu2655\/2023\/11\/IMG-20231116-WA0016-1536x865.jpg 1536w, https:\/\/agora.xtec.cat\/ceiprivorubeo\/wp-content\/uploads\/usu2655\/2023\/11\/IMG-20231116-WA0016.jpg 1600w\" sizes=\"auto, (max-width: 1024px) 100vw, 1024px\" \/><\/a><\/p>\n<p><a href=\"https:\/\/agora.xtec.cat\/ceiprivorubeo\/wp-content\/uploads\/usu2655\/2023\/11\/IMG-20231116-WA0022.jpg\"><img loading=\"lazy\" decoding=\"async\" class=\"size-large wp-image-3306 aligncenter\" src=\"https:\/\/agora.xtec.cat\/ceiprivorubeo\/wp-content\/uploads\/usu2655\/2023\/11\/IMG-20231116-WA0022-1024x577.jpg\" alt=\"\" width=\"1024\" height=\"577\" srcset=\"https:\/\/agora.xtec.cat\/ceiprivorubeo\/wp-content\/uploads\/usu2655\/2023\/11\/IMG-20231116-WA0022-1024x577.jpg 1024w, https:\/\/agora.xtec.cat\/ceiprivorubeo\/wp-content\/uploads\/usu2655\/2023\/11\/IMG-20231116-WA0022-300x169.jpg 300w, https:\/\/agora.xtec.cat\/ceiprivorubeo\/wp-content\/uploads\/usu2655\/2023\/11\/IMG-20231116-WA0022-768x432.jpg 768w, https:\/\/agora.xtec.cat\/ceiprivorubeo\/wp-content\/uploads\/usu2655\/2023\/11\/IMG-20231116-WA0022-1536x865.jpg 1536w, https:\/\/agora.xtec.cat\/ceiprivorubeo\/wp-content\/uploads\/usu2655\/2023\/11\/IMG-20231116-WA0022.jpg 1600w\" sizes=\"auto, (max-width: 1024px) 100vw, 1024px\" \/><\/a><\/p>\n","protected":false},"excerpt":{"rendered":"<p>Coincidint amb el Dia Mundial de la Filosofia de la UNESCO, arriba la desena edici\u00f3 del Festival de Filosofia Barcelona Pensa. Representants de l&#8217;alumnat de 3r i 5\u00e8 van assistir ahir per participar de la jornada \u201cEl temps i el canvi\u201d, organitzada pel Grup Iref&hellip;  <a href=\"https:\/\/agora.xtec.cat\/ceiprivorubeo\/portada\/barcelona-pensa-16-11-2023\/\" title=\"Read Barcelona pensa- 16\/11\/2023\">Llegeix m\u00e9s\u00bb<\/a><\/p>\n","protected":false},"author":1,"featured_media":0,"comment_status":"open","ping_status":"closed","sticky":false,"template":"","format":"standard","meta":{"_bbp_topic_count":0,"_bbp_reply_count":0,"_bbp_total_topic_count":0,"_bbp_total_reply_count":0,"_bbp_voice_count":0,"_bbp_anonymous_reply_count":0,"_bbp_topic_count_hidden":0,"_bbp_reply_count_hidden":0,"_bbp_forum_subforum_count":0,"footnotes":""},"categories":[78,4],"tags":[],"class_list":["post-3305","post","type-post","status-publish","format-standard","hentry","category-butlletins-publicats","category-portada"],"post_mailing_queue_ids":[],"_links":{"self":[{"href":"https:\/\/agora.xtec.cat\/ceiprivorubeo\/wp-json\/wp\/v2\/posts\/3305","targetHints":{"allow":["GET"]}}],"collection":[{"href":"https:\/\/agora.xtec.cat\/ceiprivorubeo\/wp-json\/wp\/v2\/posts"}],"about":[{"href":"https:\/\/agora.xtec.cat\/ceiprivorubeo\/wp-json\/wp\/v2\/types\/post"}],"author":[{"embeddable":true,"href":"https:\/\/agora.xtec.cat\/ceiprivorubeo\/wp-json\/wp\/v2\/users\/1"}],"replies":[{"embeddable":true,"href":"https:\/\/agora.xtec.cat\/ceiprivorubeo\/wp-json\/wp\/v2\/comments?post=3305"}],"version-history":[{"count":1,"href":"https:\/\/agora.xtec.cat\/ceiprivorubeo\/wp-json\/wp\/v2\/posts\/3305\/revisions"}],"predecessor-version":[{"id":3308,"href":"https:\/\/agora.xtec.cat\/ceiprivorubeo\/wp-json\/wp\/v2\/posts\/3305\/revisions\/3308"}],"wp:attachment":[{"href":"https:\/\/agora.xtec.cat\/ceiprivorubeo\/wp-json\/wp\/v2\/media?parent=3305"}],"wp:term":[{"taxonomy":"category","embeddable":true,"href":"https:\/\/agora.xtec.cat\/ceiprivorubeo\/wp-json\/wp\/v2\/categories?post=3305"},{"taxonomy":"post_tag","embeddable":true,"href":"https:\/\/agora.xtec.cat\/ceiprivorubeo\/wp-json\/wp\/v2\/tags?post=3305"}],"curies":[{"name":"wp","href":"https:\/\/api.w.org\/{rel}","templated":true}]}}