{"id":3244,"date":"2023-11-02T17:40:01","date_gmt":"2023-11-02T16:40:01","guid":{"rendered":"https:\/\/agora.xtec.cat\/ceiprivorubeo\/?p=3244"},"modified":"2023-11-02T17:43:21","modified_gmt":"2023-11-02T16:43:21","slug":"el-meu-fill-a-esta-malalt-pot-anar-a-lescola","status":"publish","type":"post","link":"https:\/\/agora.xtec.cat\/ceiprivorubeo\/butlleti\/el-meu-fill-a-esta-malalt-pot-anar-a-lescola\/","title":{"rendered":"El meu fill\/a est\u00e0 malalt? Pot anar a l&#8217;escola?"},"content":{"rendered":"<p><strong>Amb l&#8217;arribada del fred, proliferen les infeccions v\u00edriques entre els infants i moltes vegades les fam\u00edlies dubten de quin \u00e9s el moment m\u00e9s indicat per tornar a l&#8217;escola<\/strong>.<\/p>\n<p>Com a norma general, en totes les malalties que cursin amb febre, caldr\u00e0 que el nen hagi estat\u00a0<strong>24 hores sense febre abans de tornar a escola<\/strong>.<\/p>\n<ul>\n<li><strong>Infecci\u00f3 respirat\u00f2ria lleu de vies altes sense febre (simple refredat)<\/strong>: Poden acudir al col\u00b7legi amb normalitat ja que la transmissi\u00f3 es produeix abans que es manifestin els s\u00edmptomes o partir del contacte amb nens amb infeccions asimptom\u00e0tiques.<\/li>\n<li><strong>Faringitis estreptoc\u00f2ccica<\/strong>: poden acudir a les 24h despr\u00e9s de l&#8217;inici de l&#8217;antibi\u00f2tic, sin\u00f3 que tenen febre.<\/li>\n<li><strong>Grip<\/strong>: Podran tornar a l&#8217;escola despr\u00e9s de 24 h asimptom\u00e0tics (sense febre ni malestar).<\/li>\n<li><strong>Conjuntivitis<\/strong>: Poden acudir a les 24h de comen\u00e7ar el tractament antibi\u00f2tic.<\/li>\n<li><strong>Diarrea<\/strong>: Podreu tornar a les 48 h des de la darrera deposici\u00f3 diarreica.<\/li>\n<li><strong>Herpes simple labial<\/strong>: Poden acudir a l&#8217;escola.<\/li>\n<li><strong>Varicel\u00b7la<\/strong>: Podr\u00e0 acudir una vegada totes les lesions s&#8217;hagin assecat i hagin fet crosta (generalment passa cap al sis\u00e8 dia).<\/li>\n<li><strong>Eritema infecci\u00f3s (tamb\u00e9 anomenat \u201ccinquena malaltia\u201d o \u201cmalaltia de la bufetada\u201d)<\/strong>: Pot anar al col\u00b7legi amb normalitat, ja que \u00e9s molt poc probable que encomanin un cop apareix l&#8217;eritema.<\/li>\n<li><strong>Mol\u00b7lusc contagi\u00f3s<\/strong>: Poden acudir al col\u00b7legi amb normalitat.<\/li>\n<li><strong>Mononucleosi infecciosa<\/strong>: Poden tornar a les aules quan tolerin l&#8217;activitat.<\/li>\n<\/ul>\n<p>Article extret de: <a href=\"https:\/\/www.pediatricslleida.com\/ca\/noticies\/el-meu-fill-esta-malalt-quan-sha-de-quedar-a-casa-i-quan-anar-a-escola\">Pediatrics Lleida<\/a><\/p>\n<p>Per ampliar la informaci\u00f3 aqu\u00ed teniu el document complet:<a href=\"https:\/\/agora.xtec.cat\/ceiprivorubeo\/wp-content\/uploads\/usu2655\/2023\/11\/CRITERIS-DE-NO-ASSISTENCIA-DE-LALUMNAT-A-LESCOLA-O-LLAR-DINFANTS-DURANT-UN-PERIODE-DE-TEMPS-DETERMINAT-A-CAUSA-DE-MALALTIES-TRANSMISSIBLES.pdf\">CRITERIS DE NO ASSIST\u00c8NCIA DE L\u2019ALUMNAT A L&#8217;ESCOLA O LLAR D&#8217;INFANTS DURANT UN PER\u00cdODE DE TEMPS DETERMINAT A CAUSA DE MALALTIES TRANSMISSIBLES<\/a><\/p>\n","protected":false},"excerpt":{"rendered":"<p>Amb l&#8217;arribada del fred, proliferen les infeccions v\u00edriques entre els infants i moltes vegades les fam\u00edlies dubten de quin \u00e9s el moment m\u00e9s indicat per tornar a l&#8217;escola.<br \/>\nCom a norma general, en totes les malalties que cursin amb febre, caldr\u00e0 que el nen hagi estat\u00a024&hellip;  <a href=\"https:\/\/agora.xtec.cat\/ceiprivorubeo\/butlleti\/el-meu-fill-a-esta-malalt-pot-anar-a-lescola\/\" title=\"Read El meu fill\/a est\u00e0 malalt? Pot anar a l&#8217;escola?\">Llegeix m\u00e9s\u00bb<\/a><\/p>\n","protected":false},"author":1,"featured_media":0,"comment_status":"open","ping_status":"closed","sticky":false,"template":"","format":"standard","meta":{"_bbp_topic_count":0,"_bbp_reply_count":0,"_bbp_total_topic_count":0,"_bbp_total_reply_count":0,"_bbp_voice_count":0,"_bbp_anonymous_reply_count":0,"_bbp_topic_count_hidden":0,"_bbp_reply_count_hidden":0,"_bbp_forum_subforum_count":0,"footnotes":""},"categories":[65,78,86],"tags":[],"class_list":["post-3244","post","type-post","status-publish","format-standard","hentry","category-butlleti","category-butlletins-publicats","category-potser-tinteressa"],"post_mailing_queue_ids":[],"_links":{"self":[{"href":"https:\/\/agora.xtec.cat\/ceiprivorubeo\/wp-json\/wp\/v2\/posts\/3244","targetHints":{"allow":["GET"]}}],"collection":[{"href":"https:\/\/agora.xtec.cat\/ceiprivorubeo\/wp-json\/wp\/v2\/posts"}],"about":[{"href":"https:\/\/agora.xtec.cat\/ceiprivorubeo\/wp-json\/wp\/v2\/types\/post"}],"author":[{"embeddable":true,"href":"https:\/\/agora.xtec.cat\/ceiprivorubeo\/wp-json\/wp\/v2\/users\/1"}],"replies":[{"embeddable":true,"href":"https:\/\/agora.xtec.cat\/ceiprivorubeo\/wp-json\/wp\/v2\/comments?post=3244"}],"version-history":[{"count":1,"href":"https:\/\/agora.xtec.cat\/ceiprivorubeo\/wp-json\/wp\/v2\/posts\/3244\/revisions"}],"predecessor-version":[{"id":3246,"href":"https:\/\/agora.xtec.cat\/ceiprivorubeo\/wp-json\/wp\/v2\/posts\/3244\/revisions\/3246"}],"wp:attachment":[{"href":"https:\/\/agora.xtec.cat\/ceiprivorubeo\/wp-json\/wp\/v2\/media?parent=3244"}],"wp:term":[{"taxonomy":"category","embeddable":true,"href":"https:\/\/agora.xtec.cat\/ceiprivorubeo\/wp-json\/wp\/v2\/categories?post=3244"},{"taxonomy":"post_tag","embeddable":true,"href":"https:\/\/agora.xtec.cat\/ceiprivorubeo\/wp-json\/wp\/v2\/tags?post=3244"}],"curies":[{"name":"wp","href":"https:\/\/api.w.org\/{rel}","templated":true}]}}