{"id":3214,"date":"2023-11-02T10:26:30","date_gmt":"2023-11-02T09:26:30","guid":{"rendered":"https:\/\/agora.xtec.cat\/ceiprivorubeo\/?p=3214"},"modified":"2023-11-02T10:26:30","modified_gmt":"2023-11-02T09:26:30","slug":"taller-move-your-body","status":"publish","type":"post","link":"https:\/\/agora.xtec.cat\/ceiprivorubeo\/general\/taller-move-your-body\/","title":{"rendered":"TALLER MOVE YOUR BODY"},"content":{"rendered":"<p>Hola fam\u00edlies!<\/p>\n<p><span style=\"font-weight: 400\">Aquest curs, al taller d\u2019angl\u00e8s hem comen\u00e7at amb tot un cl\u00e0ssic de la cultura anglesa: Halloween.<\/span><\/p>\n<p><span style=\"font-weight: 400\">Per aquesta roda, hem comen\u00e7at per un bingo de vocabulari de Halloween i despr\u00e9s hem triat si voliem fer decoracions per la classe o fer activitats en paper.\u00a0<\/span><\/p>\n<p><span style=\"font-weight: 400\">A m\u00e9s, mentre feiem tot aix\u00f2, hem escoltat i ballat can\u00e7ons de Halloween molt divertides. Si voleu escoltar-les a casa aqu\u00ed teniu l\u2019enlla\u00e7. <\/span><a href=\"https:\/\/www.youtube.com\/watch?v=ir5cD49qRww\"><span style=\"font-weight: 400\">https:\/\/www.youtube.com\/watch?v=ir5cD49qRww<\/span><\/a><span style=\"font-weight: 400\">\u00a0<\/span><\/p>\n<p><span style=\"font-weight: 400\">I no us podeu perdre les fotos on us ensenyem tot aix\u00f2 que hem fet!<\/span><\/p>\n<p><a href=\"https:\/\/drive.google.com\/drive\/folders\/1zt1GAU2LddN1MlVawI6mur99P6ax7KWM?usp=sharing\">Fotos Taller Move Your Body<\/a><\/p>\n<p>&nbsp;<\/p>\n<p>&nbsp;<\/p>\n","protected":false},"excerpt":{"rendered":"<p>Hola fam\u00edlies!<br \/>\nAquest curs, al taller d\u2019angl\u00e8s hem comen\u00e7at amb tot un cl\u00e0ssic de la cultura anglesa: Halloween.<br \/>\nPer aquesta roda, hem comen\u00e7at per un bingo de vocabulari de Halloween i despr\u00e9s hem triat si voliem fer decoracions per la classe o fer activitats en paper.\u00a0<br \/>\nA m\u00e9s,&hellip;  <a href=\"https:\/\/agora.xtec.cat\/ceiprivorubeo\/general\/taller-move-your-body\/\" title=\"Read TALLER MOVE YOUR BODY\">Llegeix m\u00e9s\u00bb<\/a><\/p>\n","protected":false},"author":13,"featured_media":0,"comment_status":"open","ping_status":"closed","sticky":false,"template":"","format":"standard","meta":{"_bbp_topic_count":0,"_bbp_reply_count":0,"_bbp_total_topic_count":0,"_bbp_total_reply_count":0,"_bbp_voice_count":0,"_bbp_anonymous_reply_count":0,"_bbp_topic_count_hidden":0,"_bbp_reply_count_hidden":0,"_bbp_forum_subforum_count":0,"footnotes":""},"categories":[9,10,11,1,90,69,4],"tags":[],"class_list":["post-3214","post","type-post","status-publish","format-standard","hentry","category-1r","category-2n","category-3r-mitjans","category-general","category-llengua-estrangera","category-mitjans","category-portada"],"post_mailing_queue_ids":[],"_links":{"self":[{"href":"https:\/\/agora.xtec.cat\/ceiprivorubeo\/wp-json\/wp\/v2\/posts\/3214","targetHints":{"allow":["GET"]}}],"collection":[{"href":"https:\/\/agora.xtec.cat\/ceiprivorubeo\/wp-json\/wp\/v2\/posts"}],"about":[{"href":"https:\/\/agora.xtec.cat\/ceiprivorubeo\/wp-json\/wp\/v2\/types\/post"}],"author":[{"embeddable":true,"href":"https:\/\/agora.xtec.cat\/ceiprivorubeo\/wp-json\/wp\/v2\/users\/13"}],"replies":[{"embeddable":true,"href":"https:\/\/agora.xtec.cat\/ceiprivorubeo\/wp-json\/wp\/v2\/comments?post=3214"}],"version-history":[{"count":3,"href":"https:\/\/agora.xtec.cat\/ceiprivorubeo\/wp-json\/wp\/v2\/posts\/3214\/revisions"}],"predecessor-version":[{"id":3240,"href":"https:\/\/agora.xtec.cat\/ceiprivorubeo\/wp-json\/wp\/v2\/posts\/3214\/revisions\/3240"}],"wp:attachment":[{"href":"https:\/\/agora.xtec.cat\/ceiprivorubeo\/wp-json\/wp\/v2\/media?parent=3214"}],"wp:term":[{"taxonomy":"category","embeddable":true,"href":"https:\/\/agora.xtec.cat\/ceiprivorubeo\/wp-json\/wp\/v2\/categories?post=3214"},{"taxonomy":"post_tag","embeddable":true,"href":"https:\/\/agora.xtec.cat\/ceiprivorubeo\/wp-json\/wp\/v2\/tags?post=3214"}],"curies":[{"name":"wp","href":"https:\/\/api.w.org\/{rel}","templated":true}]}}