{"id":3204,"date":"2023-10-27T14:29:39","date_gmt":"2023-10-27T12:29:39","guid":{"rendered":"https:\/\/agora.xtec.cat\/ceiprivorubeo\/?p=3204"},"modified":"2023-10-27T14:40:37","modified_gmt":"2023-10-27T12:40:37","slug":"refirat","status":"publish","type":"post","link":"https:\/\/agora.xtec.cat\/ceiprivorubeo\/general\/refirat\/","title":{"rendered":"Refira&#8217;t"},"content":{"rendered":"<p>El pr\u00f2xim 18 de novembre de 10:30h a 14h al centre de la ciutat torna el Refira\u2019t, el mercat de segona m\u00e0 organitzat per l\u2019Ajuntament dins la setmana de la prevenci\u00f3 de residus.<\/p>\n<p>L\u2019alumnat de sis\u00e8 i les seves fam\u00edlies hi participaran per tal de comen\u00e7ar a recaptar fons per a les col\u00f2nies de fi d\u2019etapa.<\/p>\n<p>Per aquest motiu demanen la vostra col\u00b7laboraci\u00f3 en forma de donacions d\u2019objectes en bon estat que ja no feu servir i pot utilitzar alg\u00fa altre, com ara: roba i complements, disfresses, jocs i joguines, material per nadons i infants, eines, instruments musicals, material esportiu, parament de la llar, etc.<\/p>\n<p>Trobareu un bid\u00f3 blau a l\u2019entrada de la pista on deixar-ho. La recollida de les donacions al mat\u00ed, es far\u00e0 e<b>l dilluns 6 fins al 10 de novembre tots els dies <\/b>de la setmana\u00a0<b>a les 9h<\/b>. A la tarda, <b>a les 16.30h, nom\u00e9s divendres 3, dimarts 7, dijous 9 i divendres 10<\/b>, es podran deixar tamb\u00e9 les aportacions.<\/p>\n<p>Moltes gr\u00e0cies!<\/p>\n<p><a href=\"https:\/\/agora.xtec.cat\/ceiprivorubeo\/wp-content\/uploads\/usu2655\/2023\/10\/Refirat.jpeg\"><img loading=\"lazy\" decoding=\"async\" class=\"alignnone size-full wp-image-3205\" src=\"https:\/\/agora.xtec.cat\/ceiprivorubeo\/wp-content\/uploads\/usu2655\/2023\/10\/Refirat.jpeg\" alt=\"\" width=\"1024\" height=\"768\" srcset=\"https:\/\/agora.xtec.cat\/ceiprivorubeo\/wp-content\/uploads\/usu2655\/2023\/10\/Refirat.jpeg 1024w, https:\/\/agora.xtec.cat\/ceiprivorubeo\/wp-content\/uploads\/usu2655\/2023\/10\/Refirat-300x225.jpeg 300w, https:\/\/agora.xtec.cat\/ceiprivorubeo\/wp-content\/uploads\/usu2655\/2023\/10\/Refirat-768x576.jpeg 768w, https:\/\/agora.xtec.cat\/ceiprivorubeo\/wp-content\/uploads\/usu2655\/2023\/10\/Refirat-200x150.jpeg 200w\" sizes=\"auto, (max-width: 1024px) 100vw, 1024px\" \/><\/a><\/p>\n","protected":false},"excerpt":{"rendered":"<p>El pr\u00f2xim 18 de novembre de 10:30h a 14h al centre de la ciutat torna el Refira\u2019t, el mercat de segona m\u00e0 organitzat per l\u2019Ajuntament dins la setmana de la prevenci\u00f3 de residus.<br \/>\nL\u2019alumnat de sis\u00e8 i les seves fam\u00edlies hi participaran per tal de comen\u00e7ar&hellip;  <a href=\"https:\/\/agora.xtec.cat\/ceiprivorubeo\/general\/refirat\/\" title=\"Read Refira&#8217;t\">Llegeix m\u00e9s\u00bb<\/a><\/p>\n","protected":false},"author":1,"featured_media":0,"comment_status":"open","ping_status":"closed","sticky":false,"template":"","format":"standard","meta":{"_bbp_topic_count":0,"_bbp_reply_count":0,"_bbp_total_topic_count":0,"_bbp_total_reply_count":0,"_bbp_voice_count":0,"_bbp_anonymous_reply_count":0,"_bbp_topic_count_hidden":0,"_bbp_reply_count_hidden":0,"_bbp_forum_subforum_count":0,"footnotes":""},"categories":[1,77,4],"tags":[],"class_list":["post-3204","post","type-post","status-publish","format-standard","hentry","category-general","category-informacions-publicades","category-portada"],"post_mailing_queue_ids":[],"_links":{"self":[{"href":"https:\/\/agora.xtec.cat\/ceiprivorubeo\/wp-json\/wp\/v2\/posts\/3204","targetHints":{"allow":["GET"]}}],"collection":[{"href":"https:\/\/agora.xtec.cat\/ceiprivorubeo\/wp-json\/wp\/v2\/posts"}],"about":[{"href":"https:\/\/agora.xtec.cat\/ceiprivorubeo\/wp-json\/wp\/v2\/types\/post"}],"author":[{"embeddable":true,"href":"https:\/\/agora.xtec.cat\/ceiprivorubeo\/wp-json\/wp\/v2\/users\/1"}],"replies":[{"embeddable":true,"href":"https:\/\/agora.xtec.cat\/ceiprivorubeo\/wp-json\/wp\/v2\/comments?post=3204"}],"version-history":[{"count":1,"href":"https:\/\/agora.xtec.cat\/ceiprivorubeo\/wp-json\/wp\/v2\/posts\/3204\/revisions"}],"predecessor-version":[{"id":3206,"href":"https:\/\/agora.xtec.cat\/ceiprivorubeo\/wp-json\/wp\/v2\/posts\/3204\/revisions\/3206"}],"wp:attachment":[{"href":"https:\/\/agora.xtec.cat\/ceiprivorubeo\/wp-json\/wp\/v2\/media?parent=3204"}],"wp:term":[{"taxonomy":"category","embeddable":true,"href":"https:\/\/agora.xtec.cat\/ceiprivorubeo\/wp-json\/wp\/v2\/categories?post=3204"},{"taxonomy":"post_tag","embeddable":true,"href":"https:\/\/agora.xtec.cat\/ceiprivorubeo\/wp-json\/wp\/v2\/tags?post=3204"}],"curies":[{"name":"wp","href":"https:\/\/api.w.org\/{rel}","templated":true}]}}