{"id":3165,"date":"2023-10-20T13:34:50","date_gmt":"2023-10-20T11:34:50","guid":{"rendered":"https:\/\/agora.xtec.cat\/ceiprivorubeo\/?p=3165"},"modified":"2023-10-20T14:00:12","modified_gmt":"2023-10-20T12:00:12","slug":"noms-de-les-classes","status":"publish","type":"post","link":"https:\/\/agora.xtec.cat\/ceiprivorubeo\/general\/noms-de-les-classes\/","title":{"rendered":"Noms de les classes"},"content":{"rendered":"<p>Ja tenim el nom de totes les classes de l&#8217;escola!<\/p>\n<p>Des d&#8217;aquest curs, els noms de les classes del Rivo seran triats pels nens i nenes d&#8217;acord amb una de les l\u00ednies principals en l&#8217;educaci\u00f3 en el medi del nivell.<\/p>\n<p>Per aquest motiu, cada nivell ha triat un nom d&#8217;acord amb una premissa.<\/p>\n<ul>\n<li><strong>I3. Animals de la granja<\/strong><\/li>\n<\/ul>\n<ul>\n<li style=\"list-style-type: none;\">\n<ul>\n<li>I3A. Oques<\/li>\n<li>I3B. Cavalls<\/li>\n<\/ul>\n<\/li>\n<\/ul>\n<ul>\n<li><strong>I4. Animals del bosc<\/strong><\/li>\n<li><\/li>\n<li>\n<ul>\n<li>I4A. Guineus<\/li>\n<li>I4B. Llops<\/li>\n<\/ul>\n<\/li>\n<li><strong>I5. Animals marins<\/strong><\/li>\n<li><\/li>\n<li>\n<ul>\n<li>I5A. Estrelles de mar<\/li>\n<li>I5B. Orques<\/li>\n<\/ul>\n<\/li>\n<\/ul>\n<p><strong>1r. Bestioles de l&#8217;hort<\/strong><\/p>\n<ul>\n<li style=\"list-style-type: none;\">\n<ul>\n<li>1rA. Marietes<\/li>\n<li>1rB. Papallones<\/li>\n<\/ul>\n<\/li>\n<\/ul>\n<ul>\n<li><strong>2n. Arbres fruiters<\/strong><\/li>\n<\/ul>\n<ul>\n<li style=\"list-style-type: none;\">\n<ul>\n<li>2nA. Llimoner<\/li>\n<li>2nB. Cirerer<\/li>\n<\/ul>\n<\/li>\n<\/ul>\n<ul>\n<li><strong>3r. Aus<\/strong><\/li>\n<\/ul>\n<ul>\n<li style=\"list-style-type: none;\">\n<ul>\n<li>3rA. \u00d2libes<\/li>\n<li>3rB. Pit Roig<\/li>\n<\/ul>\n<\/li>\n<\/ul>\n<ul>\n<li><strong>4t. Cims<\/strong><\/li>\n<\/ul>\n<ul>\n<li style=\"list-style-type: none;\">\n<ul>\n<li>4tA. Puigmal<\/li>\n<li>4tB. La Mola<\/li>\n<\/ul>\n<\/li>\n<\/ul>\n<ul>\n<li><strong>5\u00e8. Rius<\/strong><\/li>\n<\/ul>\n<ul>\n<li style=\"list-style-type: none;\">\n<ul>\n<li>5\u00e8A. Tinto<\/li>\n<li>5\u00e8B. Tajo<\/li>\n<\/ul>\n<\/li>\n<\/ul>\n<ul>\n<li><strong>6\u00e8. Rius<\/strong><\/li>\n<\/ul>\n<ul>\n<li style=\"list-style-type: none;\">\n<ul>\n<li>6\u00e8A. Oce\u00e0 Atl\u00e0ntic<\/li>\n<li>6\u00e8B. Mar Carib<\/li>\n<\/ul>\n<\/li>\n<\/ul>\n","protected":false},"excerpt":{"rendered":"<p>Ja tenim el nom de totes les classes de l&#8217;escola!<br \/>\nDes d&#8217;aquest curs, els noms de les classes del Rivo seran triats pels nens i nenes d&#8217;acord amb una de les l\u00ednies principals en l&#8217;educaci\u00f3 en el medi del nivell.<br \/>\nPer aquest motiu, cada nivell ha triat&hellip;  <a href=\"https:\/\/agora.xtec.cat\/ceiprivorubeo\/general\/noms-de-les-classes\/\" title=\"Read Noms de les classes\">Llegeix m\u00e9s\u00bb<\/a><\/p>\n","protected":false},"author":1,"featured_media":0,"comment_status":"open","ping_status":"closed","sticky":false,"template":"","format":"standard","meta":{"_bbp_topic_count":0,"_bbp_reply_count":0,"_bbp_total_topic_count":0,"_bbp_total_reply_count":0,"_bbp_voice_count":0,"_bbp_anonymous_reply_count":0,"_bbp_topic_count_hidden":0,"_bbp_reply_count_hidden":0,"_bbp_forum_subforum_count":0,"footnotes":""},"categories":[1,2,4,5],"tags":[],"class_list":["post-3165","post","type-post","status-publish","format-standard","hentry","category-general","category-infantil","category-portada","category-primaria"],"post_mailing_queue_ids":[],"_links":{"self":[{"href":"https:\/\/agora.xtec.cat\/ceiprivorubeo\/wp-json\/wp\/v2\/posts\/3165","targetHints":{"allow":["GET"]}}],"collection":[{"href":"https:\/\/agora.xtec.cat\/ceiprivorubeo\/wp-json\/wp\/v2\/posts"}],"about":[{"href":"https:\/\/agora.xtec.cat\/ceiprivorubeo\/wp-json\/wp\/v2\/types\/post"}],"author":[{"embeddable":true,"href":"https:\/\/agora.xtec.cat\/ceiprivorubeo\/wp-json\/wp\/v2\/users\/1"}],"replies":[{"embeddable":true,"href":"https:\/\/agora.xtec.cat\/ceiprivorubeo\/wp-json\/wp\/v2\/comments?post=3165"}],"version-history":[{"count":2,"href":"https:\/\/agora.xtec.cat\/ceiprivorubeo\/wp-json\/wp\/v2\/posts\/3165\/revisions"}],"predecessor-version":[{"id":3167,"href":"https:\/\/agora.xtec.cat\/ceiprivorubeo\/wp-json\/wp\/v2\/posts\/3165\/revisions\/3167"}],"wp:attachment":[{"href":"https:\/\/agora.xtec.cat\/ceiprivorubeo\/wp-json\/wp\/v2\/media?parent=3165"}],"wp:term":[{"taxonomy":"category","embeddable":true,"href":"https:\/\/agora.xtec.cat\/ceiprivorubeo\/wp-json\/wp\/v2\/categories?post=3165"},{"taxonomy":"post_tag","embeddable":true,"href":"https:\/\/agora.xtec.cat\/ceiprivorubeo\/wp-json\/wp\/v2\/tags?post=3165"}],"curies":[{"name":"wp","href":"https:\/\/api.w.org\/{rel}","templated":true}]}}