{"id":3162,"date":"2023-10-20T09:24:15","date_gmt":"2023-10-20T07:24:15","guid":{"rendered":"https:\/\/agora.xtec.cat\/ceiprivorubeo\/?p=3162"},"modified":"2023-10-20T09:25:25","modified_gmt":"2023-10-20T07:25:25","slug":"eleccions-al-consell-escolar","status":"publish","type":"post","link":"https:\/\/agora.xtec.cat\/ceiprivorubeo\/general\/eleccions-al-consell-escolar\/","title":{"rendered":"Eleccions al Consell Escolar"},"content":{"rendered":"<p><span class=\"im\">Aquest curs tornem a tenir eleccions al consell escolar amb les que renovarem la meitat dels sectors de fam\u00edlies i mestres. Ben aviat us informarem del proc\u00e9s, que comen\u00e7ar\u00e0 al mes de novembre.<\/span><\/p>\n<p>Mentrestant, us animem a presentar-vos a ser representants del sector fam\u00edlies! Per ser representant del vostre sector nom\u00e9s cal tenir ganes de formar-ne part i tenir disponibilitat hor\u00e0ria per participar en les reunions que es fan en tardes a les 17h. Normalment, se solen celebrar 4 reunions al llarg del curs.<\/p>\n","protected":false},"excerpt":{"rendered":"<p>Aquest curs tornem a tenir eleccions al consell escolar amb les que renovarem la meitat dels sectors de fam\u00edlies i mestres. Ben aviat us informarem del proc\u00e9s, que comen\u00e7ar\u00e0 al mes de novembre.<br \/>\nMentrestant, us animem a presentar-vos a ser representants del sector fam\u00edlies! Per ser&hellip;  <a href=\"https:\/\/agora.xtec.cat\/ceiprivorubeo\/general\/eleccions-al-consell-escolar\/\" title=\"Read Eleccions al Consell Escolar\">Llegeix m\u00e9s\u00bb<\/a><\/p>\n","protected":false},"author":1,"featured_media":0,"comment_status":"open","ping_status":"closed","sticky":false,"template":"","format":"standard","meta":{"_bbp_topic_count":0,"_bbp_reply_count":0,"_bbp_total_topic_count":0,"_bbp_total_reply_count":0,"_bbp_voice_count":0,"_bbp_anonymous_reply_count":0,"_bbp_topic_count_hidden":0,"_bbp_reply_count_hidden":0,"_bbp_forum_subforum_count":0,"footnotes":""},"categories":[1,77],"tags":[],"class_list":["post-3162","post","type-post","status-publish","format-standard","hentry","category-general","category-informacions-publicades"],"post_mailing_queue_ids":[],"_links":{"self":[{"href":"https:\/\/agora.xtec.cat\/ceiprivorubeo\/wp-json\/wp\/v2\/posts\/3162","targetHints":{"allow":["GET"]}}],"collection":[{"href":"https:\/\/agora.xtec.cat\/ceiprivorubeo\/wp-json\/wp\/v2\/posts"}],"about":[{"href":"https:\/\/agora.xtec.cat\/ceiprivorubeo\/wp-json\/wp\/v2\/types\/post"}],"author":[{"embeddable":true,"href":"https:\/\/agora.xtec.cat\/ceiprivorubeo\/wp-json\/wp\/v2\/users\/1"}],"replies":[{"embeddable":true,"href":"https:\/\/agora.xtec.cat\/ceiprivorubeo\/wp-json\/wp\/v2\/comments?post=3162"}],"version-history":[{"count":2,"href":"https:\/\/agora.xtec.cat\/ceiprivorubeo\/wp-json\/wp\/v2\/posts\/3162\/revisions"}],"predecessor-version":[{"id":3164,"href":"https:\/\/agora.xtec.cat\/ceiprivorubeo\/wp-json\/wp\/v2\/posts\/3162\/revisions\/3164"}],"wp:attachment":[{"href":"https:\/\/agora.xtec.cat\/ceiprivorubeo\/wp-json\/wp\/v2\/media?parent=3162"}],"wp:term":[{"taxonomy":"category","embeddable":true,"href":"https:\/\/agora.xtec.cat\/ceiprivorubeo\/wp-json\/wp\/v2\/categories?post=3162"},{"taxonomy":"post_tag","embeddable":true,"href":"https:\/\/agora.xtec.cat\/ceiprivorubeo\/wp-json\/wp\/v2\/tags?post=3162"}],"curies":[{"name":"wp","href":"https:\/\/api.w.org\/{rel}","templated":true}]}}