{"id":3158,"date":"2023-10-20T09:10:26","date_gmt":"2023-10-20T07:10:26","guid":{"rendered":"https:\/\/agora.xtec.cat\/ceiprivorubeo\/?p=3158"},"modified":"2023-10-20T09:10:26","modified_gmt":"2023-10-20T07:10:26","slug":"campanya-jotambehivullanar","status":"publish","type":"post","link":"https:\/\/agora.xtec.cat\/ceiprivorubeo\/general\/campanya-jotambehivullanar\/","title":{"rendered":"Campanya #JoTamb\u00e9HiVullAnar"},"content":{"rendered":"<p>L\u2019octubre de 2017 el Departament d\u2019Educaci\u00f3 va aprovar el conegut com a Decret d\u2019Educaci\u00f3 Inclusiva. Aquest Decret havia de servir perqu\u00e8 els infants que tenen Necessitats Espec\u00edfiques de Suport Educatiu (NESE) poguessin\u00a0<strong>gaudir del dret a l\u2019educaci\u00f3 amb les mateixes condicions que els seus companys i companyes.<\/strong>\u00a0Perqu\u00e8 el millor lloc on poden estar els infants que necessiten un suport addicional \u00e9s amb la resta del grup, i perqu\u00e8 no hi ha res millor per a una aula que viure la diversitat en positiu.<\/p>\n<p>Lamentablement, per\u00f2, aquest Decret mai s\u2019ha desplegat plenament. E<strong>l Departament d\u2019Educaci\u00f3 mai ha elaborat les mesures necess\u00e0ries fer-lo efectiu, ni ha destinat els recursos materials i humans adequats per posar-lo en pr\u00e0ctica.<\/strong>\u00a0Segons la normativa, els responsables educatius tenien 4 anys per desplegar aquest Decret, un termini que va acabar just fa un any, l\u2019octubre de 2021.<\/p>\n<p><strong>Avui podr\u00edem estar celebrant el primer aniversari de l\u2019aplicaci\u00f3 del Decret d\u2019Inclusiva,<\/strong> avui molts infants i joves podrien anar a classe, quedar-se al menjador, anar de col\u00f2nies i fer activitats extraescolars sense que la seva condici\u00f3 f\u00edsica, psicol\u00f2gica, socioecon\u00f2mica o de salut fos utilitzada com una limitaci\u00f3. L&#8217;AFFAC denuncia que\u00a0 <strong>m\u00e9s de 200.000 alumnes catalans<\/strong>\u00a0que tenen alguna Necessitat Espec\u00edfica de Suport Educatiu<strong>\u00a0podrien gaudir del dret a l\u2019educaci\u00f3<\/strong>\u00a0com la resta de nenes, nens i joves.<\/p>\n<p>Des de la nostra escola ens sumen a la Campanya #JoTambeHiVullAnar, per donar el nostre suport a aquesta iniciativa. Perqu\u00e8 l&#8217;educaci\u00f3 inclusiva deixi de ser una lluita nom\u00e9s de les fam\u00edlies afectades. Que aquesta tamb\u00e9 sigui la lluita de la resta de fam\u00edlies, del professorat, de la societat en general. Perqu\u00e8 garantir la inclusi\u00f3 en educaci\u00f3 ens permetr\u00e0 forjar les bases d&#8217;una societat realment inclusiva, una societat que visqui la diversitat com un element positiu i enriquidor. I aix\u00f2 ha de ser una prioritat de totes. Perqu\u00e8 si l&#8217;educaci\u00f3 no \u00e9s inclusiva, no \u00e9s educaci\u00f3!<\/p>\n<p>\u00c9s per aix\u00f2 avui despleguem una pancarta per demostrar al Departament d\u2019Educaci\u00f3 que els nens i nenes amb Necessitats Espec\u00edfiques de Suport Educatiu no estan soles, que les fam\u00edlies no estan soles, que el professorat no est\u00e0 sol, que les direccions dels centres no estan soles. L\u2019educaci\u00f3 inclusiva ens beneficia a totes i totes lluitem juntes per no deixar a ning\u00fa enrere.<\/p>\n<p><a href=\"https:\/\/agora.xtec.cat\/ceiprivorubeo\/wp-content\/uploads\/usu2655\/2023\/10\/pancarta.jpg\"><img loading=\"lazy\" decoding=\"async\" class=\"alignnone size-full wp-image-3160\" src=\"https:\/\/agora.xtec.cat\/ceiprivorubeo\/wp-content\/uploads\/usu2655\/2023\/10\/pancarta.jpg\" alt=\"\" width=\"1930\" height=\"1086\" srcset=\"https:\/\/agora.xtec.cat\/ceiprivorubeo\/wp-content\/uploads\/usu2655\/2023\/10\/pancarta.jpg 1930w, https:\/\/agora.xtec.cat\/ceiprivorubeo\/wp-content\/uploads\/usu2655\/2023\/10\/pancarta-300x169.jpg 300w, https:\/\/agora.xtec.cat\/ceiprivorubeo\/wp-content\/uploads\/usu2655\/2023\/10\/pancarta-1024x576.jpg 1024w, https:\/\/agora.xtec.cat\/ceiprivorubeo\/wp-content\/uploads\/usu2655\/2023\/10\/pancarta-768x432.jpg 768w, https:\/\/agora.xtec.cat\/ceiprivorubeo\/wp-content\/uploads\/usu2655\/2023\/10\/pancarta-1536x864.jpg 1536w\" sizes=\"auto, (max-width: 1930px) 100vw, 1930px\" \/><\/a><\/p>\n","protected":false},"excerpt":{"rendered":"<p>L\u2019octubre de 2017 el Departament d\u2019Educaci\u00f3 va aprovar el conegut com a Decret d\u2019Educaci\u00f3 Inclusiva. Aquest Decret havia de servir perqu\u00e8 els infants que tenen Necessitats Espec\u00edfiques de Suport Educatiu (NESE) poguessin\u00a0gaudir del dret a l\u2019educaci\u00f3 amb les mateixes condicions que els seus companys i&hellip;  <a href=\"https:\/\/agora.xtec.cat\/ceiprivorubeo\/general\/campanya-jotambehivullanar\/\" title=\"Read Campanya #JoTamb\u00e9HiVullAnar\">Llegeix m\u00e9s\u00bb<\/a><\/p>\n","protected":false},"author":1,"featured_media":0,"comment_status":"open","ping_status":"closed","sticky":false,"template":"","format":"standard","meta":{"_bbp_topic_count":0,"_bbp_reply_count":0,"_bbp_total_topic_count":0,"_bbp_total_reply_count":0,"_bbp_voice_count":0,"_bbp_anonymous_reply_count":0,"_bbp_topic_count_hidden":0,"_bbp_reply_count_hidden":0,"_bbp_forum_subforum_count":0,"footnotes":""},"categories":[65,1,4],"tags":[],"class_list":["post-3158","post","type-post","status-publish","format-standard","hentry","category-butlleti","category-general","category-portada"],"post_mailing_queue_ids":[],"_links":{"self":[{"href":"https:\/\/agora.xtec.cat\/ceiprivorubeo\/wp-json\/wp\/v2\/posts\/3158","targetHints":{"allow":["GET"]}}],"collection":[{"href":"https:\/\/agora.xtec.cat\/ceiprivorubeo\/wp-json\/wp\/v2\/posts"}],"about":[{"href":"https:\/\/agora.xtec.cat\/ceiprivorubeo\/wp-json\/wp\/v2\/types\/post"}],"author":[{"embeddable":true,"href":"https:\/\/agora.xtec.cat\/ceiprivorubeo\/wp-json\/wp\/v2\/users\/1"}],"replies":[{"embeddable":true,"href":"https:\/\/agora.xtec.cat\/ceiprivorubeo\/wp-json\/wp\/v2\/comments?post=3158"}],"version-history":[{"count":2,"href":"https:\/\/agora.xtec.cat\/ceiprivorubeo\/wp-json\/wp\/v2\/posts\/3158\/revisions"}],"predecessor-version":[{"id":3161,"href":"https:\/\/agora.xtec.cat\/ceiprivorubeo\/wp-json\/wp\/v2\/posts\/3158\/revisions\/3161"}],"wp:attachment":[{"href":"https:\/\/agora.xtec.cat\/ceiprivorubeo\/wp-json\/wp\/v2\/media?parent=3158"}],"wp:term":[{"taxonomy":"category","embeddable":true,"href":"https:\/\/agora.xtec.cat\/ceiprivorubeo\/wp-json\/wp\/v2\/categories?post=3158"},{"taxonomy":"post_tag","embeddable":true,"href":"https:\/\/agora.xtec.cat\/ceiprivorubeo\/wp-json\/wp\/v2\/tags?post=3158"}],"curies":[{"name":"wp","href":"https:\/\/api.w.org\/{rel}","templated":true}]}}