{"id":3134,"date":"2023-10-11T10:13:40","date_gmt":"2023-10-11T08:13:40","guid":{"rendered":"https:\/\/agora.xtec.cat\/ceiprivorubeo\/?p=3134"},"modified":"2023-10-11T10:20:10","modified_gmt":"2023-10-11T08:20:10","slug":"maletes-viatgeres-a-punt-2","status":"publish","type":"post","link":"https:\/\/agora.xtec.cat\/ceiprivorubeo\/general\/maletes-viatgeres-a-punt-2\/","title":{"rendered":"Maletes viatgeres a punt!"},"content":{"rendered":"<p style=\"font-weight: 400;\">Hola, fam\u00edlies!<\/p>\n<p style=\"font-weight: 400;\">Avui dimecres 11 d&#8217;octubre\u00a0<strong>activem<\/strong>\u00a0les \u201cmaletes\u201d viatgeres!<\/p>\n<p style=\"font-weight: 400;\">Ara s\u00f3n m\u00e9s lleugeres, ja coneixeu les nostres bosses de colors, aquesta tarda volaran cap a casa de moltes fam\u00edlies, quina il\u00b7lusi\u00f3!<\/p>\n<p style=\"font-weight: 400;\">\u00c9s una activitat molt estimada per tota la comunitat, i com ja coneixeu \u00e9s una proposta per tal de promoure el\u00a0<strong>gust per la lectura dels infants, tot gaudint en fam\u00edlia de<\/strong>\u00a0cada una de les sorpreses liter\u00e0ries que hem seleccionat.<\/p>\n<p style=\"font-weight: 400;\">Aquest curs de nou\u00a0<strong>cada infant s\u2019emportar\u00e0 una\u00a0maleta\u00a0un cop per trimestre<\/strong>, tres vegades durant tot el curs, amb\u00a0<strong>una\u00a0<\/strong>proposta diferent per cada color: bossa blava, bossa groga i bossa vermella.\u00a0A cada bossa trobareu\u00a0<strong>tres propostes de llibres<\/strong>, en diferents formats, on esperem que gaudiu<strong>\u00a0plegats\u00a0<\/strong>de la m\u00e0gia dels llibres i els valors que\u00a0transmeten.<\/p>\n<p style=\"font-weight: 400;\">La tindreu\u00a0a casa amb vosaltres durant tota una setmana, sabem que cuidareu i estimareu els\u00a0llibres com un petit tresor.\u00a0\u00a0Us\u00a0<strong>l\u2019entregarem els divendres i cal que la torneu a l\u2019escola el dimecres<\/strong>\u00a0de la seg\u00fcent setmana.\u00a0Esperem que us agradi i sigui una experi\u00e8ncia enriquidora per tota la fam\u00edlia.<\/p>\n<p style=\"font-weight: 400;\"><strong>Bones lectures i bon viatge!<\/strong><\/p>\n<p style=\"font-weight: 400;\">Comissi\u00f3 de biblioteca<\/p>\n<p dir=\"ltr\" style=\"text-align: center;\"><a href=\"https:\/\/agora.xtec.cat\/ceiprivorubeo\/wp-content\/uploads\/usu2655\/2023\/10\/imatge.jpeg\"><img loading=\"lazy\" decoding=\"async\" class=\"alignnone size-medium wp-image-3136\" src=\"https:\/\/agora.xtec.cat\/ceiprivorubeo\/wp-content\/uploads\/usu2655\/2023\/10\/imatge-300x225.jpeg\" alt=\"\" width=\"300\" height=\"225\" srcset=\"https:\/\/agora.xtec.cat\/ceiprivorubeo\/wp-content\/uploads\/usu2655\/2023\/10\/imatge-300x225.jpeg 300w, https:\/\/agora.xtec.cat\/ceiprivorubeo\/wp-content\/uploads\/usu2655\/2023\/10\/imatge-1024x766.jpeg 1024w, https:\/\/agora.xtec.cat\/ceiprivorubeo\/wp-content\/uploads\/usu2655\/2023\/10\/imatge-768x575.jpeg 768w, https:\/\/agora.xtec.cat\/ceiprivorubeo\/wp-content\/uploads\/usu2655\/2023\/10\/imatge-200x150.jpeg 200w, https:\/\/agora.xtec.cat\/ceiprivorubeo\/wp-content\/uploads\/usu2655\/2023\/10\/imatge.jpeg 1280w\" sizes=\"auto, (max-width: 300px) 100vw, 300px\" \/><\/a><\/p>\n","protected":false},"excerpt":{"rendered":"<p>Hola, fam\u00edlies!<br \/>\nAvui dimecres 11 d&#8217;octubre\u00a0activem\u00a0les \u201cmaletes\u201d viatgeres!<br \/>\nAra s\u00f3n m\u00e9s lleugeres, ja coneixeu les nostres bosses de colors, aquesta tarda volaran cap a casa de moltes fam\u00edlies, quina il\u00b7lusi\u00f3!<br \/>\n\u00c9s una activitat molt estimada per tota la comunitat, i com ja coneixeu \u00e9s una proposta per tal&hellip;  <a href=\"https:\/\/agora.xtec.cat\/ceiprivorubeo\/general\/maletes-viatgeres-a-punt-2\/\" title=\"Read Maletes viatgeres a punt!\">Llegeix m\u00e9s\u00bb<\/a><\/p>\n","protected":false},"author":1,"featured_media":3136,"comment_status":"open","ping_status":"closed","sticky":false,"template":"","format":"standard","meta":{"_bbp_topic_count":0,"_bbp_reply_count":0,"_bbp_total_topic_count":0,"_bbp_total_reply_count":0,"_bbp_voice_count":0,"_bbp_anonymous_reply_count":0,"_bbp_topic_count_hidden":0,"_bbp_reply_count_hidden":0,"_bbp_forum_subforum_count":0,"footnotes":""},"categories":[91,1],"tags":[],"class_list":["post-3134","post","type-post","status-publish","format-standard","has-post-thumbnail","hentry","category-biblioteca","category-general"],"post_mailing_queue_ids":[],"_links":{"self":[{"href":"https:\/\/agora.xtec.cat\/ceiprivorubeo\/wp-json\/wp\/v2\/posts\/3134","targetHints":{"allow":["GET"]}}],"collection":[{"href":"https:\/\/agora.xtec.cat\/ceiprivorubeo\/wp-json\/wp\/v2\/posts"}],"about":[{"href":"https:\/\/agora.xtec.cat\/ceiprivorubeo\/wp-json\/wp\/v2\/types\/post"}],"author":[{"embeddable":true,"href":"https:\/\/agora.xtec.cat\/ceiprivorubeo\/wp-json\/wp\/v2\/users\/1"}],"replies":[{"embeddable":true,"href":"https:\/\/agora.xtec.cat\/ceiprivorubeo\/wp-json\/wp\/v2\/comments?post=3134"}],"version-history":[{"count":3,"href":"https:\/\/agora.xtec.cat\/ceiprivorubeo\/wp-json\/wp\/v2\/posts\/3134\/revisions"}],"predecessor-version":[{"id":3138,"href":"https:\/\/agora.xtec.cat\/ceiprivorubeo\/wp-json\/wp\/v2\/posts\/3134\/revisions\/3138"}],"wp:featuredmedia":[{"embeddable":true,"href":"https:\/\/agora.xtec.cat\/ceiprivorubeo\/wp-json\/wp\/v2\/media\/3136"}],"wp:attachment":[{"href":"https:\/\/agora.xtec.cat\/ceiprivorubeo\/wp-json\/wp\/v2\/media?parent=3134"}],"wp:term":[{"taxonomy":"category","embeddable":true,"href":"https:\/\/agora.xtec.cat\/ceiprivorubeo\/wp-json\/wp\/v2\/categories?post=3134"},{"taxonomy":"post_tag","embeddable":true,"href":"https:\/\/agora.xtec.cat\/ceiprivorubeo\/wp-json\/wp\/v2\/tags?post=3134"}],"curies":[{"name":"wp","href":"https:\/\/api.w.org\/{rel}","templated":true}]}}