{"id":3128,"date":"2023-10-06T15:30:23","date_gmt":"2023-10-06T13:30:23","guid":{"rendered":"https:\/\/agora.xtec.cat\/ceiprivorubeo\/?p=3128"},"modified":"2023-10-06T15:32:35","modified_gmt":"2023-10-06T13:32:35","slug":"families-biblioajudants-2","status":"publish","type":"post","link":"https:\/\/agora.xtec.cat\/ceiprivorubeo\/general\/families-biblioajudants-2\/","title":{"rendered":"Fam\u00edlies Biblioajudants"},"content":{"rendered":"<div>\n<p>Hola, fam\u00edlies!<\/p>\n<p>El curs ja en marxa, i amb l&#8217;arribada de la tardor<strong> la biblioteca obre les portes<\/strong>!<\/p>\n<p>A partir del pr\u00f2xim dimecres 11 d&#8217;octubre reprenem les trobades de les <strong>fam\u00edlies de\u00a0biblioajudants<\/strong>\u00a0de la biblioteca de l&#8217;escola.<\/p>\n<p>Com ja us vam explicar a les reunions d&#8217;inici de curs, \u00e9s un grup de suport\u00a0a les tasques de manteniment del fons de la biblioteca,\u00a0fan una tasca molt important per tenir els llibres a punt per tota la comunitat.<\/p>\n<p><strong>Ens trobem tots els dimecres a partir de les 15h<\/strong>, obert a totes les mares i els pares que vulguin participar, no cal inscripci\u00f3. Sereu totes molt benvingudes!<\/p>\n<p>Si encara no us heu animat, podeu informar al vostre tutor\/a que voleu col\u00b7laborar o enviar directament un correu a: <strong>biblioteca@rivorubeo.cat<\/strong><\/p>\n<p>Recordem tamb\u00e9 que\u00a0<strong>la\u00a0biblioteca oberta al barri\u00a0<\/strong>ja est\u00e0 en funcionament!<\/p>\n<p>Podeu venir tota la fam\u00edlia els\u00a0<strong>dimecres a la tarda de les 16.30h fins les 17.30h<\/strong>, per compartir la m\u00e0gia dels llibres i les seves hist\u00f2ries grans i petits, i gaudir del servei de pr\u00e9stec a casa.<\/p>\n<p>Us hi esperem! Bones lectures!<\/p>\n<p>&nbsp;<\/p>\n<p>Comissi\u00f3 biblioteca<\/p>\n<p><strong>\u00a0<\/strong><\/p>\n<\/div>\n<div><a href=\"https:\/\/agora.xtec.cat\/ceiprivorubeo\/wp-content\/uploads\/usu2655\/2022\/04\/books-gf8a486436_1920.jpg\"><img loading=\"lazy\" decoding=\"async\" class=\"size-large wp-image-604 aligncenter\" src=\"https:\/\/agora.xtec.cat\/ceiprivorubeo\/wp-content\/uploads\/usu2655\/2022\/04\/books-gf8a486436_1920-1024x683.jpg\" alt=\"\" width=\"1024\" height=\"683\" srcset=\"https:\/\/agora.xtec.cat\/ceiprivorubeo\/wp-content\/uploads\/usu2655\/2022\/04\/books-gf8a486436_1920-1024x683.jpg 1024w, https:\/\/agora.xtec.cat\/ceiprivorubeo\/wp-content\/uploads\/usu2655\/2022\/04\/books-gf8a486436_1920-300x200.jpg 300w, https:\/\/agora.xtec.cat\/ceiprivorubeo\/wp-content\/uploads\/usu2655\/2022\/04\/books-gf8a486436_1920-768x512.jpg 768w, https:\/\/agora.xtec.cat\/ceiprivorubeo\/wp-content\/uploads\/usu2655\/2022\/04\/books-gf8a486436_1920-1536x1024.jpg 1536w, https:\/\/agora.xtec.cat\/ceiprivorubeo\/wp-content\/uploads\/usu2655\/2022\/04\/books-gf8a486436_1920.jpg 1920w\" sizes=\"auto, (max-width: 1024px) 100vw, 1024px\" \/><\/a><\/div>\n<div class=\"yj6qo\"><\/div>\n<div class=\"adL\"><\/div>\n","protected":false},"excerpt":{"rendered":"<p>Hola, fam\u00edlies!<br \/>\nEl curs ja en marxa, i amb l&#8217;arribada de la tardor la biblioteca obre les portes!<br \/>\nA partir del pr\u00f2xim dimecres 11 d&#8217;octubre reprenem les trobades de les fam\u00edlies de\u00a0biblioajudants\u00a0de la biblioteca de l&#8217;escola.<br \/>\nCom ja us vam explicar a les reunions d&#8217;inici de curs, \u00e9s&hellip;  <a href=\"https:\/\/agora.xtec.cat\/ceiprivorubeo\/general\/families-biblioajudants-2\/\" title=\"Read Fam\u00edlies Biblioajudants\">Llegeix m\u00e9s\u00bb<\/a><\/p>\n","protected":false},"author":1,"featured_media":604,"comment_status":"open","ping_status":"closed","sticky":false,"template":"","format":"standard","meta":{"_bbp_topic_count":0,"_bbp_reply_count":0,"_bbp_total_topic_count":0,"_bbp_total_reply_count":0,"_bbp_voice_count":0,"_bbp_anonymous_reply_count":0,"_bbp_topic_count_hidden":0,"_bbp_reply_count_hidden":0,"_bbp_forum_subforum_count":0,"footnotes":""},"categories":[91,1],"tags":[],"class_list":["post-3128","post","type-post","status-publish","format-standard","has-post-thumbnail","hentry","category-biblioteca","category-general"],"post_mailing_queue_ids":[],"_links":{"self":[{"href":"https:\/\/agora.xtec.cat\/ceiprivorubeo\/wp-json\/wp\/v2\/posts\/3128","targetHints":{"allow":["GET"]}}],"collection":[{"href":"https:\/\/agora.xtec.cat\/ceiprivorubeo\/wp-json\/wp\/v2\/posts"}],"about":[{"href":"https:\/\/agora.xtec.cat\/ceiprivorubeo\/wp-json\/wp\/v2\/types\/post"}],"author":[{"embeddable":true,"href":"https:\/\/agora.xtec.cat\/ceiprivorubeo\/wp-json\/wp\/v2\/users\/1"}],"replies":[{"embeddable":true,"href":"https:\/\/agora.xtec.cat\/ceiprivorubeo\/wp-json\/wp\/v2\/comments?post=3128"}],"version-history":[{"count":1,"href":"https:\/\/agora.xtec.cat\/ceiprivorubeo\/wp-json\/wp\/v2\/posts\/3128\/revisions"}],"predecessor-version":[{"id":3129,"href":"https:\/\/agora.xtec.cat\/ceiprivorubeo\/wp-json\/wp\/v2\/posts\/3128\/revisions\/3129"}],"wp:featuredmedia":[{"embeddable":true,"href":"https:\/\/agora.xtec.cat\/ceiprivorubeo\/wp-json\/wp\/v2\/media\/604"}],"wp:attachment":[{"href":"https:\/\/agora.xtec.cat\/ceiprivorubeo\/wp-json\/wp\/v2\/media?parent=3128"}],"wp:term":[{"taxonomy":"category","embeddable":true,"href":"https:\/\/agora.xtec.cat\/ceiprivorubeo\/wp-json\/wp\/v2\/categories?post=3128"},{"taxonomy":"post_tag","embeddable":true,"href":"https:\/\/agora.xtec.cat\/ceiprivorubeo\/wp-json\/wp\/v2\/tags?post=3128"}],"curies":[{"name":"wp","href":"https:\/\/api.w.org\/{rel}","templated":true}]}}