{"id":3091,"date":"2023-09-21T21:12:25","date_gmt":"2023-09-21T19:12:25","guid":{"rendered":"https:\/\/agora.xtec.cat\/ceiprivorubeo\/?p=3091"},"modified":"2023-09-21T21:18:17","modified_gmt":"2023-09-21T19:18:17","slug":"nit-de-la-recerca-a-linstitut-la-serreta","status":"publish","type":"post","link":"https:\/\/agora.xtec.cat\/ceiprivorubeo\/general\/nit-de-la-recerca-a-linstitut-la-serreta\/","title":{"rendered":"Nit de la Recerca a l&#8217;Institut La Serreta"},"content":{"rendered":"<p class=\"gmail_default\">Coincidint amb la Nit Europea de la Recerca l\u2019<a href=\"https:\/\/agora.xtec.cat\/iesserreta\/\" target=\"_blank\" rel=\"noopener\"><strong>INS La Serreta<\/strong><\/a>\u00a0obre les portes. La Nit Europea de la Recerca \u00e9s un projecte europeu de divulgaci\u00f3 cient\u00edfica promogut per la Comissi\u00f3 Europea. Diferents centres i institucions porten a terme activitats cient\u00edfiques divulgatives per a tots els p\u00fablics.<\/p>\n<p class=\"gmail_default\">Coincidint amb aquesta convocat\u00f2ria l\u2019INS La Serreta obre les portes el dia\u00a0<strong>29 de setembre (de 19:00 a 20:30 h)<\/strong>. Amb el suport del programa MAGNET i el seu\u00a0<em>partner<\/em>\u00a0EINA han preparat activitats, rutes cient\u00edfiques, jocs i tallers sota el lema de\u00a0<strong><em>De la curiositat al descobriment: investiguem!. <\/em><\/strong>Totes elles\u00a0<strong>obertes a les fam\u00edlies de Rub\u00ed<\/strong>.<\/p>\n<p style=\"text-align: center;\"><a href=\"https:\/\/agora.xtec.cat\/ceiprivorubeo\/wp-content\/uploads\/usu2655\/2023\/09\/imatge-e1695323445800.png\"><img loading=\"lazy\" decoding=\"async\" class=\"alignnone size-full wp-image-3092\" src=\"https:\/\/agora.xtec.cat\/ceiprivorubeo\/wp-content\/uploads\/usu2655\/2023\/09\/imatge-e1695323445800.png\" alt=\"\" width=\"294\" height=\"355\" srcset=\"https:\/\/agora.xtec.cat\/ceiprivorubeo\/wp-content\/uploads\/usu2655\/2023\/09\/imatge-e1695323445800.png 294w, https:\/\/agora.xtec.cat\/ceiprivorubeo\/wp-content\/uploads\/usu2655\/2023\/09\/imatge-e1695323445800-248x300.png 248w\" sizes=\"auto, (max-width: 294px) 100vw, 294px\" \/><\/a><\/p>\n","protected":false},"excerpt":{"rendered":"<p>Coincidint amb la Nit Europea de la Recerca l\u2019<a href=\"https:\/\/agora.xtec.cat\/iesserreta\/\" target=\"_blank\" rel=\"noopener\">INS La Serreta<\/a>\u00a0obre les portes. La Nit Europea de la Recerca \u00e9s un projecte europeu de divulgaci\u00f3 cient\u00edfica promogut per la Comissi\u00f3 Europea. Diferents centres i institucions porten a terme activitats cient\u00edfiques divulgatives per&hellip;  <a href=\"https:\/\/agora.xtec.cat\/ceiprivorubeo\/general\/nit-de-la-recerca-a-linstitut-la-serreta\/\" title=\"Read Nit de la Recerca a l&#8217;Institut La Serreta\">Llegeix m\u00e9s\u00bb<\/a><\/p>\n","protected":false},"author":1,"featured_media":3092,"comment_status":"open","ping_status":"closed","sticky":false,"template":"","format":"standard","meta":{"_bbp_topic_count":0,"_bbp_reply_count":0,"_bbp_total_topic_count":0,"_bbp_total_reply_count":0,"_bbp_voice_count":0,"_bbp_anonymous_reply_count":0,"_bbp_topic_count_hidden":0,"_bbp_reply_count_hidden":0,"_bbp_forum_subforum_count":0,"footnotes":""},"categories":[1,4,86],"tags":[],"class_list":["post-3091","post","type-post","status-publish","format-standard","has-post-thumbnail","hentry","category-general","category-portada","category-potser-tinteressa"],"post_mailing_queue_ids":[],"_links":{"self":[{"href":"https:\/\/agora.xtec.cat\/ceiprivorubeo\/wp-json\/wp\/v2\/posts\/3091","targetHints":{"allow":["GET"]}}],"collection":[{"href":"https:\/\/agora.xtec.cat\/ceiprivorubeo\/wp-json\/wp\/v2\/posts"}],"about":[{"href":"https:\/\/agora.xtec.cat\/ceiprivorubeo\/wp-json\/wp\/v2\/types\/post"}],"author":[{"embeddable":true,"href":"https:\/\/agora.xtec.cat\/ceiprivorubeo\/wp-json\/wp\/v2\/users\/1"}],"replies":[{"embeddable":true,"href":"https:\/\/agora.xtec.cat\/ceiprivorubeo\/wp-json\/wp\/v2\/comments?post=3091"}],"version-history":[{"count":1,"href":"https:\/\/agora.xtec.cat\/ceiprivorubeo\/wp-json\/wp\/v2\/posts\/3091\/revisions"}],"predecessor-version":[{"id":3093,"href":"https:\/\/agora.xtec.cat\/ceiprivorubeo\/wp-json\/wp\/v2\/posts\/3091\/revisions\/3093"}],"wp:featuredmedia":[{"embeddable":true,"href":"https:\/\/agora.xtec.cat\/ceiprivorubeo\/wp-json\/wp\/v2\/media\/3092"}],"wp:attachment":[{"href":"https:\/\/agora.xtec.cat\/ceiprivorubeo\/wp-json\/wp\/v2\/media?parent=3091"}],"wp:term":[{"taxonomy":"category","embeddable":true,"href":"https:\/\/agora.xtec.cat\/ceiprivorubeo\/wp-json\/wp\/v2\/categories?post=3091"},{"taxonomy":"post_tag","embeddable":true,"href":"https:\/\/agora.xtec.cat\/ceiprivorubeo\/wp-json\/wp\/v2\/tags?post=3091"}],"curies":[{"name":"wp","href":"https:\/\/api.w.org\/{rel}","templated":true}]}}