{"id":3087,"date":"2023-09-21T21:02:58","date_gmt":"2023-09-21T19:02:58","guid":{"rendered":"https:\/\/agora.xtec.cat\/ceiprivorubeo\/?p=3087"},"modified":"2023-09-21T21:04:18","modified_gmt":"2023-09-21T19:04:18","slug":"enganxat-al-360","status":"publish","type":"post","link":"https:\/\/agora.xtec.cat\/ceiprivorubeo\/general\/enganxat-al-360\/","title":{"rendered":"Enganxa&#8217;t al 360!"},"content":{"rendered":"<p style=\"font-weight: 400;\">Amb l\u2019inici de curs torna el\u00a0<strong>Carnet Rub\u00ed 360<\/strong>. Es tracta d\u2019un carnet f\u00edsic per a nens i nenes de 6 a 12 anys, que t\u00e9 com a objectiu facilitar-los l\u2019acc\u00e9s a les moltes activitats educatives i de lleure que els ofereix la ciutat en horari no lectiu.<\/p>\n<p style=\"font-weight: 400;\"><a href=\"https:\/\/agora.xtec.cat\/ceiprivorubeo\/wp-content\/uploads\/usu2655\/2023\/09\/image001.jpg\"><img loading=\"lazy\" decoding=\"async\" class=\"alignnone size-full wp-image-3088\" src=\"https:\/\/agora.xtec.cat\/ceiprivorubeo\/wp-content\/uploads\/usu2655\/2023\/09\/image001.jpg\" alt=\"\" width=\"333\" height=\"228\" srcset=\"https:\/\/agora.xtec.cat\/ceiprivorubeo\/wp-content\/uploads\/usu2655\/2023\/09\/image001.jpg 333w, https:\/\/agora.xtec.cat\/ceiprivorubeo\/wp-content\/uploads\/usu2655\/2023\/09\/image001-300x205.jpg 300w\" sizes=\"auto, (max-width: 333px) 100vw, 333px\" \/><\/a><\/p>\n<p style=\"font-weight: 400;\">El carnet Rub\u00ed 360 inclou un rusc amb\u00a0<strong>9 compet\u00e8ncies educatives<\/strong>: Lleure i jocs; Arts, cultura i disseny; Esports i benestar; Nombres i lletres; Igualtat; Comunitat i participaci\u00f3; Tecnologia i m\u00f3n digital; Terra i ci\u00e8ncia i Transici\u00f3 ecol\u00f2gica. Quan un infant \u00a0faci una activitat, rebr\u00e0 mig adhesiu de la compet\u00e8ncia que correspongui. El carnet quedar\u00e0 complet quan l\u2019infant hagi fet dues activitats de cada compet\u00e8ncia. Quan l\u2019infant tingui el carnet complert caldr\u00e0 que envieu un correu electr\u00f2nic a\u00a0<a href=\"mailto:educacio@ajrubi.cat\">educacio@ajrubi.cat<\/a>\u00a0i us direm quan i on podeu passar a recollir un obsequi 360!<\/p>\n<p style=\"font-weight: 400;\">Les activitats 360 les podeu consultar a l\u2019agenda municipal al seg\u00fcent enlla\u00e7:\u00a0<strong><a href=\"http:\/\/www.rubi.cat\/rubi360\" data-saferedirecturl=\"https:\/\/www.google.com\/url?q=http:\/\/www.rubi.cat\/rubi360&amp;source=gmail&amp;ust=1695408830841000&amp;usg=AOvVaw1QnwG_p-qruWotDleDQ8Op\">www.rubi.cat\/rubi360<\/a>.<\/strong>\u00a0Aquesta agenda es va nodrint durant tot el curs de noves activitats.<\/p>\n<p style=\"font-weight: 400;\">Us animem a enganxar-vos al 360! Si encara no el teniu, l\u2019aconseguireu a la primera activitat 360 que participeu.<\/p>\n","protected":false},"excerpt":{"rendered":"<p>Amb l\u2019inici de curs torna el\u00a0Carnet Rub\u00ed 360. Es tracta d\u2019un carnet f\u00edsic per a nens i nenes de 6 a 12 anys, que t\u00e9 com a objectiu facilitar-los l\u2019acc\u00e9s a les moltes activitats educatives i de lleure que els ofereix la ciutat en horari&hellip;  <a href=\"https:\/\/agora.xtec.cat\/ceiprivorubeo\/general\/enganxat-al-360\/\" title=\"Read Enganxa&#8217;t al 360!\">Llegeix m\u00e9s\u00bb<\/a><\/p>\n","protected":false},"author":1,"featured_media":3088,"comment_status":"open","ping_status":"closed","sticky":false,"template":"","format":"standard","meta":{"_bbp_topic_count":0,"_bbp_reply_count":0,"_bbp_total_topic_count":0,"_bbp_total_reply_count":0,"_bbp_voice_count":0,"_bbp_anonymous_reply_count":0,"_bbp_topic_count_hidden":0,"_bbp_reply_count_hidden":0,"_bbp_forum_subforum_count":0,"footnotes":""},"categories":[1,86],"tags":[],"class_list":["post-3087","post","type-post","status-publish","format-standard","has-post-thumbnail","hentry","category-general","category-potser-tinteressa"],"post_mailing_queue_ids":[],"_links":{"self":[{"href":"https:\/\/agora.xtec.cat\/ceiprivorubeo\/wp-json\/wp\/v2\/posts\/3087","targetHints":{"allow":["GET"]}}],"collection":[{"href":"https:\/\/agora.xtec.cat\/ceiprivorubeo\/wp-json\/wp\/v2\/posts"}],"about":[{"href":"https:\/\/agora.xtec.cat\/ceiprivorubeo\/wp-json\/wp\/v2\/types\/post"}],"author":[{"embeddable":true,"href":"https:\/\/agora.xtec.cat\/ceiprivorubeo\/wp-json\/wp\/v2\/users\/1"}],"replies":[{"embeddable":true,"href":"https:\/\/agora.xtec.cat\/ceiprivorubeo\/wp-json\/wp\/v2\/comments?post=3087"}],"version-history":[{"count":2,"href":"https:\/\/agora.xtec.cat\/ceiprivorubeo\/wp-json\/wp\/v2\/posts\/3087\/revisions"}],"predecessor-version":[{"id":3090,"href":"https:\/\/agora.xtec.cat\/ceiprivorubeo\/wp-json\/wp\/v2\/posts\/3087\/revisions\/3090"}],"wp:featuredmedia":[{"embeddable":true,"href":"https:\/\/agora.xtec.cat\/ceiprivorubeo\/wp-json\/wp\/v2\/media\/3088"}],"wp:attachment":[{"href":"https:\/\/agora.xtec.cat\/ceiprivorubeo\/wp-json\/wp\/v2\/media?parent=3087"}],"wp:term":[{"taxonomy":"category","embeddable":true,"href":"https:\/\/agora.xtec.cat\/ceiprivorubeo\/wp-json\/wp\/v2\/categories?post=3087"},{"taxonomy":"post_tag","embeddable":true,"href":"https:\/\/agora.xtec.cat\/ceiprivorubeo\/wp-json\/wp\/v2\/tags?post=3087"}],"curies":[{"name":"wp","href":"https:\/\/api.w.org\/{rel}","templated":true}]}}