{"id":3078,"date":"2023-09-15T13:24:07","date_gmt":"2023-09-15T11:24:07","guid":{"rendered":"https:\/\/agora.xtec.cat\/ceiprivorubeo\/?p=3078"},"modified":"2023-09-15T13:26:26","modified_gmt":"2023-09-15T11:26:26","slug":"experiencies-en-familia","status":"publish","type":"post","link":"https:\/\/agora.xtec.cat\/ceiprivorubeo\/butlleti\/experiencies-en-familia\/","title":{"rendered":"Potser t&#8217;interessa: Experi\u00e8ncies en fam\u00edlia"},"content":{"rendered":"<p>L&#8217;Ajuntament de Rub\u00ed impulsa noves experi\u00e8ncies en fam\u00edlia dins l&#8217;efecte E. <span style=\"font-family: inherit; font-size: 1em;\">Les activitats s\u2019iniciaran el 15 de setembre amb un taller de percussi\u00f3 amb bidons que tindr\u00e0 lloc al parc de la Pau i la Natura.<\/span><\/p>\n<p><a href=\"https:\/\/www.rubi.cat\/ca\/actualitat\/noticies\/l2019ajuntament-impulsa-noves-experiencies-en-familia-dins-l2019efecte-e\">Cliqueu aqu\u00ed per accedir a la not\u00edcia.<\/a><\/p>\n","protected":false},"excerpt":{"rendered":"<p>L&#8217;Ajuntament de Rub\u00ed impulsa noves experi\u00e8ncies en fam\u00edlia dins l&#8217;efecte E. Les activitats s\u2019iniciaran el 15 de setembre amb un taller de percussi\u00f3 amb bidons que tindr\u00e0 lloc al parc de la Pau i la Natura.<br \/>\n<a href=\"https:\/\/www.rubi.cat\/ca\/actualitat\/noticies\/l2019ajuntament-impulsa-noves-experiencies-en-familia-dins-l2019efecte-e\">Cliqueu aqu\u00ed per accedir a la not\u00edcia.<\/a><\/p>\n","protected":false},"author":1,"featured_media":0,"comment_status":"open","ping_status":"closed","sticky":false,"template":"","format":"standard","meta":{"_bbp_topic_count":0,"_bbp_reply_count":0,"_bbp_total_topic_count":0,"_bbp_total_reply_count":0,"_bbp_voice_count":0,"_bbp_anonymous_reply_count":0,"_bbp_topic_count_hidden":0,"_bbp_reply_count_hidden":0,"_bbp_forum_subforum_count":0,"footnotes":""},"categories":[65,78,86],"tags":[],"class_list":["post-3078","post","type-post","status-publish","format-standard","hentry","category-butlleti","category-butlletins-publicats","category-potser-tinteressa"],"post_mailing_queue_ids":[],"_links":{"self":[{"href":"https:\/\/agora.xtec.cat\/ceiprivorubeo\/wp-json\/wp\/v2\/posts\/3078","targetHints":{"allow":["GET"]}}],"collection":[{"href":"https:\/\/agora.xtec.cat\/ceiprivorubeo\/wp-json\/wp\/v2\/posts"}],"about":[{"href":"https:\/\/agora.xtec.cat\/ceiprivorubeo\/wp-json\/wp\/v2\/types\/post"}],"author":[{"embeddable":true,"href":"https:\/\/agora.xtec.cat\/ceiprivorubeo\/wp-json\/wp\/v2\/users\/1"}],"replies":[{"embeddable":true,"href":"https:\/\/agora.xtec.cat\/ceiprivorubeo\/wp-json\/wp\/v2\/comments?post=3078"}],"version-history":[{"count":3,"href":"https:\/\/agora.xtec.cat\/ceiprivorubeo\/wp-json\/wp\/v2\/posts\/3078\/revisions"}],"predecessor-version":[{"id":3081,"href":"https:\/\/agora.xtec.cat\/ceiprivorubeo\/wp-json\/wp\/v2\/posts\/3078\/revisions\/3081"}],"wp:attachment":[{"href":"https:\/\/agora.xtec.cat\/ceiprivorubeo\/wp-json\/wp\/v2\/media?parent=3078"}],"wp:term":[{"taxonomy":"category","embeddable":true,"href":"https:\/\/agora.xtec.cat\/ceiprivorubeo\/wp-json\/wp\/v2\/categories?post=3078"},{"taxonomy":"post_tag","embeddable":true,"href":"https:\/\/agora.xtec.cat\/ceiprivorubeo\/wp-json\/wp\/v2\/tags?post=3078"}],"curies":[{"name":"wp","href":"https:\/\/api.w.org\/{rel}","templated":true}]}}