{"id":3063,"date":"2023-09-14T16:25:47","date_gmt":"2023-09-14T14:25:47","guid":{"rendered":"https:\/\/agora.xtec.cat\/ceiprivorubeo\/?p=3063"},"modified":"2023-09-15T08:37:47","modified_gmt":"2023-09-15T06:37:47","slug":"beca-mec-ultims-dies-per-tramitar-la","status":"publish","type":"post","link":"https:\/\/agora.xtec.cat\/ceiprivorubeo\/general\/beca-mec-ultims-dies-per-tramitar-la\/","title":{"rendered":"Beca MEC- \u00daltims dies per tramitar-la"},"content":{"rendered":"<div><span style=\"font-family: arial, sans-serif;\">Us recordem que el<b> 20 de setembre de 2023 <\/b>finalitza el termini per sol\u00b7licitar la beca per l&#8217;alumnat amb necessitats espec\u00edfiques de suport educatiu pel curs 2023-2024 del Ministeri d&#8217;Educaci\u00f3. L&#8217;alumnat que demani la beca de material escolar (i\/o reeducaci\u00f3): L&#8217;ajut dep\u00e8n de la renda econ\u00f2mica de la unitat familiar. Com els cursos anteriors.<\/span><\/div>\n<div><span style=\"font-family: arial, sans-serif;\">\u00a0<\/span><\/div>\n<div><span style=\"font-family: arial, sans-serif;\">Enguany tamb\u00e9 hi ha l<b>&#8216;ajut addicional de 400\u20ac<\/b>, que s&#8217;abonar\u00e0 a la fam\u00edlia en acabar el curs escolar, aquest ajut\u00a0<b>no dep\u00e8n de la renda econ\u00f2mica<\/b>.\u00a0<\/span><\/div>\n<div><span style=\"font-family: arial, sans-serif;\">\u00a0<\/span><\/div>\n<div><span style=\"font-family: arial, sans-serif;\">La fam\u00edlia ha de fer la\u00a0<b>sol\u00b7licitud de la beca a trav\u00e9s de la Seu Electr\u00f2nica del Ministeri\u00a0<\/b><b>d&#8217;Educaci\u00f3<\/b>. Un cop feta, la fam\u00edlia ha d\u2019imprimir el full de sol\u00b7licitud, signar i fer arribar al centre per tal que el centre pugui finalitzar el proc\u00e9s de tramitaci\u00f3.<\/span><\/div>\n<div><span style=\"font-family: arial, sans-serif;\">\u00a0<\/span><\/div>\n<div><span style=\"font-family: arial, sans-serif;\">En aquest cas, per tal de facilitar el tr\u00e0mit de la beca, he cercat un v\u00eddeo que ha fet &#8220;AMPANS&#8221; on explica tot el proc\u00e9s de tramitaci\u00f3 de la beca.\u00a0<\/span><\/div>\n<div><span style=\"font-family: arial, sans-serif;\">\u00a0<\/span><\/div>\n<div><span style=\"font-family: arial, sans-serif;\">Podeu trobar l&#8217;enlla\u00e7 a:-\u00a0\u00a0\u00a0\u00a0\u00a0\u00a0\u00a0\u00a0\u00a0 V\u00eddeo explicatiu (podeu activar subt\u00edtols en espanyol):\u00a0<a href=\"https:\/\/youtu.be\/WVjsWNDuSLY-\" target=\"_blank\" rel=\"noopener noreferrer\" data-saferedirecturl=\"https:\/\/www.google.com\/url?q=https:\/\/youtu.be\/WVjsWNDuSLY-&amp;source=gmail&amp;ust=1694779477789000&amp;usg=AOvVaw0eeiyeB_erAzKiJHqNXjAT\">https:\/\/youtu.be\/WVjsWNDuSLY-<\/a>\u00a0<wbr \/>\u00a0\u00a0\u00a0\u00a0\u00a0\u00a0\u00a0\u00a0\u00a0<\/span><\/div>\n<div><span style=\"font-family: arial, sans-serif;\">\u00a0<\/span><\/div>\n<div><span style=\"font-family: arial, sans-serif;\">\u00a0<\/span><\/div>\n<div><span style=\"font-family: arial, sans-serif;\">Enlla\u00e7 per tramitar la beca:\u00a0<a href=\"https:\/\/sede.educacion.gob.es\/sede\/login\/inicio.jjsp?idConvocatoria=1886\" target=\"_blank\" rel=\"noopener noreferrer\" data-saferedirecturl=\"https:\/\/www.google.com\/url?q=https:\/\/sede.educacion.gob.es\/sede\/login\/inicio.jjsp?idConvocatoria%3D1886&amp;source=gmail&amp;ust=1694779477789000&amp;usg=AOvVaw3vlnCRJDUMlTU2C1Qh0ntI\">https:\/\/sede.educacion.gob.es\/<wbr \/>sede\/login\/inicio.jjsp?<wbr \/>idConvocatoria=1886<\/a><\/span><\/div>\n<div><span style=\"font-family: arial, sans-serif;\">\u00a0<\/span><\/div>\n<div>\n<div><\/div>\n<\/div>\n","protected":false},"excerpt":{"rendered":"<p>Us recordem que el 20 de setembre de 2023 finalitza el termini per sol\u00b7licitar la beca per l&#8217;alumnat amb necessitats espec\u00edfiques de suport educatiu pel curs 2023-2024 del Ministeri d&#8217;Educaci\u00f3. L&#8217;alumnat que demani la beca de material escolar (i\/o reeducaci\u00f3): L&#8217;ajut dep\u00e8n de la renda&hellip;  <a href=\"https:\/\/agora.xtec.cat\/ceiprivorubeo\/general\/beca-mec-ultims-dies-per-tramitar-la\/\" title=\"Read Beca MEC- \u00daltims dies per tramitar-la\">Llegeix m\u00e9s\u00bb<\/a><\/p>\n","protected":false},"author":1,"featured_media":3064,"comment_status":"open","ping_status":"closed","sticky":false,"template":"","format":"standard","meta":{"_bbp_topic_count":0,"_bbp_reply_count":0,"_bbp_total_topic_count":0,"_bbp_total_reply_count":0,"_bbp_voice_count":0,"_bbp_anonymous_reply_count":0,"_bbp_topic_count_hidden":0,"_bbp_reply_count_hidden":0,"_bbp_forum_subforum_count":0,"footnotes":""},"categories":[65,1],"tags":[],"class_list":["post-3063","post","type-post","status-publish","format-standard","has-post-thumbnail","hentry","category-butlleti","category-general"],"post_mailing_queue_ids":[],"_links":{"self":[{"href":"https:\/\/agora.xtec.cat\/ceiprivorubeo\/wp-json\/wp\/v2\/posts\/3063","targetHints":{"allow":["GET"]}}],"collection":[{"href":"https:\/\/agora.xtec.cat\/ceiprivorubeo\/wp-json\/wp\/v2\/posts"}],"about":[{"href":"https:\/\/agora.xtec.cat\/ceiprivorubeo\/wp-json\/wp\/v2\/types\/post"}],"author":[{"embeddable":true,"href":"https:\/\/agora.xtec.cat\/ceiprivorubeo\/wp-json\/wp\/v2\/users\/1"}],"replies":[{"embeddable":true,"href":"https:\/\/agora.xtec.cat\/ceiprivorubeo\/wp-json\/wp\/v2\/comments?post=3063"}],"version-history":[{"count":2,"href":"https:\/\/agora.xtec.cat\/ceiprivorubeo\/wp-json\/wp\/v2\/posts\/3063\/revisions"}],"predecessor-version":[{"id":3068,"href":"https:\/\/agora.xtec.cat\/ceiprivorubeo\/wp-json\/wp\/v2\/posts\/3063\/revisions\/3068"}],"wp:featuredmedia":[{"embeddable":true,"href":"https:\/\/agora.xtec.cat\/ceiprivorubeo\/wp-json\/wp\/v2\/media\/3064"}],"wp:attachment":[{"href":"https:\/\/agora.xtec.cat\/ceiprivorubeo\/wp-json\/wp\/v2\/media?parent=3063"}],"wp:term":[{"taxonomy":"category","embeddable":true,"href":"https:\/\/agora.xtec.cat\/ceiprivorubeo\/wp-json\/wp\/v2\/categories?post=3063"},{"taxonomy":"post_tag","embeddable":true,"href":"https:\/\/agora.xtec.cat\/ceiprivorubeo\/wp-json\/wp\/v2\/tags?post=3063"}],"curies":[{"name":"wp","href":"https:\/\/api.w.org\/{rel}","templated":true}]}}