{"id":2955,"date":"2023-07-12T16:13:26","date_gmt":"2023-07-12T14:13:26","guid":{"rendered":"https:\/\/agora.xtec.cat\/ceiprivorubeo\/?p=2955"},"modified":"2023-07-12T16:13:26","modified_gmt":"2023-07-12T14:13:26","slug":"trobada-4-de-setembre-nous-grups-ei4-2n-i-5e","status":"publish","type":"post","link":"https:\/\/agora.xtec.cat\/ceiprivorubeo\/portada\/trobada-4-de-setembre-nous-grups-ei4-2n-i-5e\/","title":{"rendered":"Trobada 4 de setembre nous grups EI4, 2n i 5\u00e8"},"content":{"rendered":"<p dir=\"ltr\">Benvolgudes fam\u00edlies,<\/p>\n<p dir=\"ltr\">Com ja us vam informar durant el curs, hem programat la <span class=\"il\">recombinaci\u00f3<\/span> dels grups que faran <strong>Ei4, 2n i\u00a0 5\u00e8<\/strong> el curs vinent. (La seg\u00fcent comunicaci\u00f3 tamb\u00e9 l&#8217;heu rebut al vostre correu electr\u00f2nic).<\/p>\n<p dir=\"ltr\">Aquest canvi ens ajuda a buscar noves din\u00e0miques per tal d\u2019afavorir al m\u00e0xim l\u2019aprenentatge i la socialitzaci\u00f3 dels nens i nenes.<\/p>\n<p dir=\"ltr\">Un canvi com aquest implica una novetat important pels infants, de manera que una de les primeres actuacions necess\u00e0ries, \u00e9s donar-los a con\u00e8ixer quin ser\u00e0 el seu nou grup abans de comen\u00e7ar el curs i la seva mestra\/e.<\/p>\n<p dir=\"ltr\">\u00c9s per aix\u00f2 que convidem a tots els nens i nenes que comen\u00e7aran <strong>EI4<\/strong>, <strong>2n i 5\u00e8<\/strong> el curs vinent, a venir el pr\u00f2xim dia 4 de setembre, a les 10h a l\u2019escola. 2n i 5\u00e8 far\u00e0 l&#8217;entrada per la pista, i al grup d&#8217;<strong>EI4<span style=\"font-weight: 400;\"> l&#8217;entrada ser\u00e0 per la rampa del pati de Petits. L&#8217;<\/span><\/strong>activitat de coneixen\u00e7a es preveu finalitzi cap a les 11\u00b430h.<\/p>\n<p>&nbsp;<\/p>\n<p dir=\"ltr\">Fins aviat!<\/p>\n","protected":false},"excerpt":{"rendered":"<p>Benvolgudes fam\u00edlies,<br \/>\nCom ja us vam informar durant el curs, hem programat la recombinaci\u00f3 dels grups que faran Ei4, 2n i\u00a0 5\u00e8 el curs vinent. (La seg\u00fcent comunicaci\u00f3 tamb\u00e9 l&#8217;heu rebut al vostre correu electr\u00f2nic).<br \/>\nAquest canvi ens ajuda a buscar noves din\u00e0miques per tal d\u2019afavorir al&hellip;  <a href=\"https:\/\/agora.xtec.cat\/ceiprivorubeo\/portada\/trobada-4-de-setembre-nous-grups-ei4-2n-i-5e\/\" title=\"Read Trobada 4 de setembre nous grups EI4, 2n i 5\u00e8\">Llegeix m\u00e9s\u00bb<\/a><\/p>\n","protected":false},"author":1,"featured_media":0,"comment_status":"open","ping_status":"closed","sticky":false,"template":"","format":"standard","meta":{"_bbp_topic_count":0,"_bbp_reply_count":0,"_bbp_total_topic_count":0,"_bbp_total_reply_count":0,"_bbp_voice_count":0,"_bbp_anonymous_reply_count":0,"_bbp_topic_count_hidden":0,"_bbp_reply_count_hidden":0,"_bbp_forum_subforum_count":0,"footnotes":""},"categories":[4],"tags":[],"class_list":["post-2955","post","type-post","status-publish","format-standard","hentry","category-portada"],"post_mailing_queue_ids":[],"_links":{"self":[{"href":"https:\/\/agora.xtec.cat\/ceiprivorubeo\/wp-json\/wp\/v2\/posts\/2955","targetHints":{"allow":["GET"]}}],"collection":[{"href":"https:\/\/agora.xtec.cat\/ceiprivorubeo\/wp-json\/wp\/v2\/posts"}],"about":[{"href":"https:\/\/agora.xtec.cat\/ceiprivorubeo\/wp-json\/wp\/v2\/types\/post"}],"author":[{"embeddable":true,"href":"https:\/\/agora.xtec.cat\/ceiprivorubeo\/wp-json\/wp\/v2\/users\/1"}],"replies":[{"embeddable":true,"href":"https:\/\/agora.xtec.cat\/ceiprivorubeo\/wp-json\/wp\/v2\/comments?post=2955"}],"version-history":[{"count":3,"href":"https:\/\/agora.xtec.cat\/ceiprivorubeo\/wp-json\/wp\/v2\/posts\/2955\/revisions"}],"predecessor-version":[{"id":2958,"href":"https:\/\/agora.xtec.cat\/ceiprivorubeo\/wp-json\/wp\/v2\/posts\/2955\/revisions\/2958"}],"wp:attachment":[{"href":"https:\/\/agora.xtec.cat\/ceiprivorubeo\/wp-json\/wp\/v2\/media?parent=2955"}],"wp:term":[{"taxonomy":"category","embeddable":true,"href":"https:\/\/agora.xtec.cat\/ceiprivorubeo\/wp-json\/wp\/v2\/categories?post=2955"},{"taxonomy":"post_tag","embeddable":true,"href":"https:\/\/agora.xtec.cat\/ceiprivorubeo\/wp-json\/wp\/v2\/tags?post=2955"}],"curies":[{"name":"wp","href":"https:\/\/api.w.org\/{rel}","templated":true}]}}