{"id":2923,"date":"2023-06-22T10:16:50","date_gmt":"2023-06-22T08:16:50","guid":{"rendered":"https:\/\/agora.xtec.cat\/ceiprivorubeo\/?p=2923"},"modified":"2023-08-22T21:24:59","modified_gmt":"2023-08-22T19:24:59","slug":"informacio-vals-material","status":"publish","type":"post","link":"https:\/\/agora.xtec.cat\/ceiprivorubeo\/butlleti\/informacions-publicades\/informacio-vals-material\/","title":{"rendered":"Informaci\u00f3 Vals material"},"content":{"rendered":"<div>Benvolgudes fam\u00edlies,<\/div>\n<div><\/div>\n<div>Ja heu rebut la informaci\u00f3 sobre els vals per a material escolar per al curs vinent.<\/div>\n<div><\/div>\n<div>Algunes fam\u00edlies ens heu preguntat si des de l&#8217;escola es podia rebaixar el cost de la quota i vosaltres fer-vos c\u00e0rrec de l&#8217;adquisici\u00f3 del material.<\/div>\n<div><\/div>\n<div>Lamentem dir-vos que no \u00e9s possible dur a terme aquesta proposta, per diverses raons organitzatives*.<\/div>\n<div><\/div>\n<div>\n<div>Aquesta mesura s&#8217;ha pres sense tenir en compte els centres educatius. De fet, \u00e9s una mesura impulsada pel Departament d&#8217;Economia, amb la col\u00b7laboraci\u00f3 del Departament d&#8217;Educaci\u00f3.<\/div>\n<div><\/div>\n<div>D&#8217;entrada podia semblar una mesura inclusiva, per\u00f2 \u00e9s tot al contrari perqu\u00e8, de nou fomenta desigualtats entre alumnat de diferents centres.<\/div>\n<\/div>\n<div><\/div>\n<div>Tot i aix\u00ed, com a fam\u00edlies hi ha una s\u00e8rie de materials que s\u00ed que necessiteu cada curs, com la motxilla, l&#8217;estoig (a partir de 4t) i altres materials que se us pot especificar a la llista que heu rebut.<\/div>\n<div><\/div>\n<div>En aquest cas us aconsellem utilitzar el val, i aix\u00ed contribu\u00efr\u00a0en l&#8217;economia del comer\u00e7 de proximitat. Indicar-vos que el val tamb\u00e9 serveix per a material esportiu.<\/div>\n<div><\/div>\n<div>Per\u00f2, sobretot, us fem una proposta de &#8220;donar la volta&#8221; a la iniciativa, i mirar de fomentar el gust i l&#8217;\u00fas de la lectura, aix\u00ed com els jocs educatius. Tireu i remeneu llibres, quaderns, jocs que pugueu tenir a casa i gaudir en fam\u00edlia.<\/div>\n<div><\/div>\n<div>Tamb\u00e9 podeu tenir en compte que, en poder adquirir jocs educatius, el val pot servir per anticipar certes &#8220;compres que es fan a finals d&#8217;any&#8221; i &#8220;ocasions especials&#8221;.<\/div>\n<div><\/div>\n<div>\n<hr \/>\n<\/div>\n<div><em>*La gesti\u00f3 de la quota \u00fanica ens permet com a centre oferir a tot l&#8217;alumnat, des del primer dia, tot el material necessari per dur a terme l&#8217;activitat. Dependre que totes les fam\u00edlies puguin adquirir un material espec\u00edfic\u00a0abans de comen\u00e7ar el curs no facilitaria la nostra tasca educativa.<\/em><\/div>\n<div><\/div>\n<div><em>D&#8217;altra banda, des de l&#8217;escola es treballa amb diferents prove\u00efdors per adquirir el material i la quaderneria, de manera que tampoc fa viable la proposta que han dut a terme algunes escoles de\u00a0 proposar a les fam\u00edlies que deixin els vals a un establiment adherit a compte de l&#8217;escola.<\/em><\/div>\n<div><\/div>\n<div><em>Les escoles i AFA&#8217;s que s&#8217;han adherit poden fer-ho perqu\u00e8 reuneixen uns criteris d&#8217;activitat comercial espec\u00edfics que no podem ni volem tenir, com a centre p\u00fablic que som.<\/em><\/div>\n","protected":false},"excerpt":{"rendered":"<p>Benvolgudes fam\u00edlies,<\/p>\n<p>Ja heu rebut la informaci\u00f3 sobre els vals per a material escolar per al curs vinent.<\/p>\n<p>Algunes fam\u00edlies ens heu preguntat si des de l&#8217;escola es podia rebaixar el cost de la quota i vosaltres fer-vos c\u00e0rrec de l&#8217;adquisici\u00f3 del material.<\/p>\n<p>Lamentem dir-vos que no \u00e9s&hellip;  <a href=\"https:\/\/agora.xtec.cat\/ceiprivorubeo\/butlleti\/informacions-publicades\/informacio-vals-material\/\" title=\"Read Informaci\u00f3 Vals material\">Llegeix m\u00e9s\u00bb<\/a><\/p>\n","protected":false},"author":1,"featured_media":0,"comment_status":"open","ping_status":"closed","sticky":false,"template":"","format":"standard","meta":{"_bbp_topic_count":0,"_bbp_reply_count":0,"_bbp_total_topic_count":0,"_bbp_total_reply_count":0,"_bbp_voice_count":0,"_bbp_anonymous_reply_count":0,"_bbp_topic_count_hidden":0,"_bbp_reply_count_hidden":0,"_bbp_forum_subforum_count":0,"footnotes":""},"categories":[77],"tags":[],"class_list":["post-2923","post","type-post","status-publish","format-standard","hentry","category-informacions-publicades"],"post_mailing_queue_ids":[],"_links":{"self":[{"href":"https:\/\/agora.xtec.cat\/ceiprivorubeo\/wp-json\/wp\/v2\/posts\/2923","targetHints":{"allow":["GET"]}}],"collection":[{"href":"https:\/\/agora.xtec.cat\/ceiprivorubeo\/wp-json\/wp\/v2\/posts"}],"about":[{"href":"https:\/\/agora.xtec.cat\/ceiprivorubeo\/wp-json\/wp\/v2\/types\/post"}],"author":[{"embeddable":true,"href":"https:\/\/agora.xtec.cat\/ceiprivorubeo\/wp-json\/wp\/v2\/users\/1"}],"replies":[{"embeddable":true,"href":"https:\/\/agora.xtec.cat\/ceiprivorubeo\/wp-json\/wp\/v2\/comments?post=2923"}],"version-history":[{"count":2,"href":"https:\/\/agora.xtec.cat\/ceiprivorubeo\/wp-json\/wp\/v2\/posts\/2923\/revisions"}],"predecessor-version":[{"id":2925,"href":"https:\/\/agora.xtec.cat\/ceiprivorubeo\/wp-json\/wp\/v2\/posts\/2923\/revisions\/2925"}],"wp:attachment":[{"href":"https:\/\/agora.xtec.cat\/ceiprivorubeo\/wp-json\/wp\/v2\/media?parent=2923"}],"wp:term":[{"taxonomy":"category","embeddable":true,"href":"https:\/\/agora.xtec.cat\/ceiprivorubeo\/wp-json\/wp\/v2\/categories?post=2923"},{"taxonomy":"post_tag","embeddable":true,"href":"https:\/\/agora.xtec.cat\/ceiprivorubeo\/wp-json\/wp\/v2\/tags?post=2923"}],"curies":[{"name":"wp","href":"https:\/\/api.w.org\/{rel}","templated":true}]}}