{"id":2918,"date":"2023-06-22T13:16:55","date_gmt":"2023-06-22T11:16:55","guid":{"rendered":"https:\/\/agora.xtec.cat\/ceiprivorubeo\/?p=2918"},"modified":"2023-08-22T20:39:56","modified_gmt":"2023-08-22T18:39:56","slug":"bones-vacances-2","status":"publish","type":"post","link":"https:\/\/agora.xtec.cat\/ceiprivorubeo\/general\/bones-vacances-2\/","title":{"rendered":"BONES VACANCES!!!"},"content":{"rendered":"<p>Acaba un curs especial per a l&#8217;escola. Un any amb una direcci\u00f3 novell, i un equip de mestres motivat i professional, intentant mantenir l&#8217;ess\u00e8ncia i el car\u00e0cter de la nostra escola.<\/p>\n<p>Un curs, on tirant la mirada enrere, han passat moltes coses, per\u00f2 sembla ahir que comen\u00e7\u00e0vem al setembre en jornada intensiva.<\/p>\n<p>Hem compartit amb tot l&#8217;alumnat les seves alegries i els hem acompanyat amb amor i paci\u00e8ncia.\u00a0 Ara, estan a punt de marxar de vacances amb una pila de viv\u00e8ncies que els han fet aprendre i cr\u00e9ixer com a persones.<\/p>\n<p>Avui hem acomiadat especialment l&#8217;alumnat de sis\u00e8, que, despr\u00e9s de nou anys al\u00a0<span class=\"il\">Rivo<\/span>, marxa amb detalls que l&#8217;alumnat de prim\u00e0ria els han fet de manera especial perqu\u00e8 tinguin sort en la seva nova etapa a l&#8217;institut.<\/p>\n<p>Acomiadem tamb\u00e9 unes mestres importants en la hist\u00f2ria de l&#8217;escola, com s\u00f3n la Tati Cap\u00f3 i la Bea Moreno. Us porteu una mica de Rivo amb vosaltres i queda molt de vosaltres al Rivo!!<\/p>\n<p>A la resta, us esperem al mes de setembre, moment en qu\u00e8 acollirem els nous grups d&#8217;EI3, i ens esperaran noves aventures!<\/p>\n<p>L&#8217;equip docent encara estarem treballant uns dies per acabar de tancar aquest curs i comen\u00e7ar el seg\u00fcent amb les mateixes ganes i energia!<\/p>\n<p>Esperem que tingueu un bon estiu!<\/p>\n<p style=\"text-align: center;\"><a href=\"https:\/\/agora.xtec.cat\/ceiprivorubeo\/wp-content\/uploads\/usu2655\/2023\/06\/historia-instagram-cerrado-por-vacaciones-pasteles-neon.jpg\"><img loading=\"lazy\" decoding=\"async\" class=\"alignnone size-large wp-image-2919\" src=\"https:\/\/agora.xtec.cat\/ceiprivorubeo\/wp-content\/uploads\/usu2655\/2023\/06\/historia-instagram-cerrado-por-vacaciones-pasteles-neon-576x1024.jpg\" alt=\"\" width=\"576\" height=\"1024\" srcset=\"https:\/\/agora.xtec.cat\/ceiprivorubeo\/wp-content\/uploads\/usu2655\/2023\/06\/historia-instagram-cerrado-por-vacaciones-pasteles-neon-576x1024.jpg 576w, https:\/\/agora.xtec.cat\/ceiprivorubeo\/wp-content\/uploads\/usu2655\/2023\/06\/historia-instagram-cerrado-por-vacaciones-pasteles-neon-169x300.jpg 169w, https:\/\/agora.xtec.cat\/ceiprivorubeo\/wp-content\/uploads\/usu2655\/2023\/06\/historia-instagram-cerrado-por-vacaciones-pasteles-neon-768x1365.jpg 768w, https:\/\/agora.xtec.cat\/ceiprivorubeo\/wp-content\/uploads\/usu2655\/2023\/06\/historia-instagram-cerrado-por-vacaciones-pasteles-neon-864x1536.jpg 864w, https:\/\/agora.xtec.cat\/ceiprivorubeo\/wp-content\/uploads\/usu2655\/2023\/06\/historia-instagram-cerrado-por-vacaciones-pasteles-neon.jpg 945w\" sizes=\"auto, (max-width: 576px) 100vw, 576px\" \/><\/a><\/p>\n","protected":false},"excerpt":{"rendered":"<p>Acaba un curs especial per a l&#8217;escola. Un any amb una direcci\u00f3 novell, i un equip de mestres motivat i professional, intentant mantenir l&#8217;ess\u00e8ncia i el car\u00e0cter de la nostra escola.<br \/>\nUn curs, on tirant la mirada enrere, han passat moltes coses, per\u00f2 sembla ahir que&hellip;  <a href=\"https:\/\/agora.xtec.cat\/ceiprivorubeo\/general\/bones-vacances-2\/\" title=\"Read BONES VACANCES!!!\">Llegeix m\u00e9s\u00bb<\/a><\/p>\n","protected":false},"author":1,"featured_media":2919,"comment_status":"open","ping_status":"closed","sticky":false,"template":"","format":"standard","meta":{"_bbp_topic_count":0,"_bbp_reply_count":0,"_bbp_total_topic_count":0,"_bbp_total_reply_count":0,"_bbp_voice_count":0,"_bbp_anonymous_reply_count":0,"_bbp_topic_count_hidden":0,"_bbp_reply_count_hidden":0,"_bbp_forum_subforum_count":0,"footnotes":""},"categories":[78,1],"tags":[],"class_list":["post-2918","post","type-post","status-publish","format-standard","has-post-thumbnail","hentry","category-butlletins-publicats","category-general"],"post_mailing_queue_ids":[],"_links":{"self":[{"href":"https:\/\/agora.xtec.cat\/ceiprivorubeo\/wp-json\/wp\/v2\/posts\/2918","targetHints":{"allow":["GET"]}}],"collection":[{"href":"https:\/\/agora.xtec.cat\/ceiprivorubeo\/wp-json\/wp\/v2\/posts"}],"about":[{"href":"https:\/\/agora.xtec.cat\/ceiprivorubeo\/wp-json\/wp\/v2\/types\/post"}],"author":[{"embeddable":true,"href":"https:\/\/agora.xtec.cat\/ceiprivorubeo\/wp-json\/wp\/v2\/users\/1"}],"replies":[{"embeddable":true,"href":"https:\/\/agora.xtec.cat\/ceiprivorubeo\/wp-json\/wp\/v2\/comments?post=2918"}],"version-history":[{"count":2,"href":"https:\/\/agora.xtec.cat\/ceiprivorubeo\/wp-json\/wp\/v2\/posts\/2918\/revisions"}],"predecessor-version":[{"id":2922,"href":"https:\/\/agora.xtec.cat\/ceiprivorubeo\/wp-json\/wp\/v2\/posts\/2918\/revisions\/2922"}],"wp:featuredmedia":[{"embeddable":true,"href":"https:\/\/agora.xtec.cat\/ceiprivorubeo\/wp-json\/wp\/v2\/media\/2919"}],"wp:attachment":[{"href":"https:\/\/agora.xtec.cat\/ceiprivorubeo\/wp-json\/wp\/v2\/media?parent=2918"}],"wp:term":[{"taxonomy":"category","embeddable":true,"href":"https:\/\/agora.xtec.cat\/ceiprivorubeo\/wp-json\/wp\/v2\/categories?post=2918"},{"taxonomy":"post_tag","embeddable":true,"href":"https:\/\/agora.xtec.cat\/ceiprivorubeo\/wp-json\/wp\/v2\/tags?post=2918"}],"curies":[{"name":"wp","href":"https:\/\/api.w.org\/{rel}","templated":true}]}}