{"id":2893,"date":"2023-06-16T16:22:32","date_gmt":"2023-06-16T14:22:32","guid":{"rendered":"https:\/\/agora.xtec.cat\/ceiprivorubeo\/?p=2893"},"modified":"2023-08-22T21:25:29","modified_gmt":"2023-08-22T19:25:29","slug":"val-escolar-informacio-sobre-la-mesura","status":"publish","type":"post","link":"https:\/\/agora.xtec.cat\/ceiprivorubeo\/general\/val-escolar-informacio-sobre-la-mesura\/","title":{"rendered":"Val escolar: informaci\u00f3 sobre la mesura"},"content":{"rendered":"<div>\n<h3 id=\"h20\">Alumnes\u00a0destinataris de\u00a0la mesura<\/h3>\n<\/div>\n<div>\n<ul>\n<li>Tots els infants escolaritzats en cursos d\u2019educaci\u00f3 prim\u00e0ria en centres educatius sostinguts amb fons p\u00fablics\u00a0del Servei d\u2019Educaci\u00f3 de Catalunya,\u00a0el curs 2023-2024 \u200b(inclosos\u00a0els\u00a0<strong>centres d\u2019educaci\u00f3 especial<\/strong>).<\/li>\n<li>Concretament, l\u2019alumnat que,\u00a0<strong>en data 20\u00a0de maig de 2023<\/strong>\u200b,\u00a0<strong>est\u00e0 matriculat<\/strong><strong>\u00a0al Registre d\u2019alumnes de Catalunya<\/strong>, en el tercer curs del segon cicle d\u2019educaci\u00f3 infantil (I5), o b\u00e9 en qualsevol dels cursos d\u2019educaci\u00f3 prim\u00e0ria (excepte sis\u00e8) en un centre de titularitat p\u00fablica o privada en r\u00e8gim de concert.<\/li>\n<li>Perqu\u00e8 tamb\u00e9 se\u2019n puguin beneficiar\u00a0els\u00a0<strong>infants que s\u2019incorporin m\u00e9s endavant als cursos esmentats<\/strong>, s\u2019ha previst fer\u00a0<strong>tres extraccions addicionals de matr\u00edcules<\/strong>\u00a0en les dates seg\u00fcents:\u00a030 de juny, 15 de setembre i 31 d\u2019octubre de 2023.<\/li>\n<\/ul>\n<\/div>\n<div>\n<h3 id=\"h21\">Calendari de distribuci\u00f3 dels vals<\/h3>\n<ul>\n<li><strong>Primera distribuci\u00f3:<\/strong>\u00a0durant el\u00a0mes de\u00a0juliol.<\/li>\n<li><strong>Segona distribuci\u00f3:<\/strong>\u00a0durant la segona quinzena\u00a0de setembre.<\/li>\n<li><strong>Tercera distribuci\u00f3:<\/strong>\u00a0entre el\u00a031 d\u2019octubre i el\u00a015 de novembre.<\/li>\n<\/ul>\n<p><strong>Data l\u00edmit per bescanviar els vals:<\/strong>\u00a030 de novembre del 2023.<\/p>\n<h3 id=\"h22\">Com es rebr\u00e0 l\u2019ajut i en quin format<\/h3>\n<ul>\n<li>Els ajuts es rebran mitjan\u00e7ant un<strong>\u00a0sistema de\u00a0<\/strong><strong>vals, que caldr\u00e0 activar<\/strong>. Un cop activats, es podran\u00a0utilitzar per comprar\u200b\u00a0material escolar per un import m\u00e0xim de fins a\u00a0100 euros per alumne\/a beneficiari\/\u00e0ria.<\/li>\n<li>La primera distribuci\u00f3 dels vals es far\u00e0\u00a0per\u00a0<strong>correu postal\u00a0<\/strong>o, si escau, per qualsevol altre\u00a0sistema que en\u00a0garanteixi el lliurament.<\/li>\n<li>La segona i tercera distribuci\u00f3\u00a0es far\u00e0\u00a0per\u00a0<strong>altres vies\u00a0<\/strong>que s\u2019habilitaran a aquest efecte.<\/li>\n<\/ul>\n<h3 id=\"h23\">Quin material es pot adquirir<\/h3>\n<ul>\n<li><strong>Els ajuts s\u00f3n per comprar\u200b\u00a0material escolar no inventariable:<\/strong>\u00a0elements d\u2019escriptura i de\u00a0papereria; llibres de text i\u00a0de literatura infantil i juvenil,\u00a0i\u00a0diccionaris,\u00a0calculadores, motxilles, estoigs i jocs educatius. S\u2019hi inclouen\u00a0llic\u00e8ncies de continguts educatius digitals.<\/li>\n<li><strong>No es poden utilitzar\u00a0per comprar\u00a0<\/strong>roba, cal\u00e7at, material electr\u00f2nic (com ordinadors port\u00e0tils, tauletes o videojocs).<\/li>\n<\/ul>\n<h3 id=\"h24\"><span class=\"ms-rteThemeBackColor-1-0\">Com s\u2019han d\u2019utilitzar\u00a0els vals<\/span><\/h3>\n<ul>\n<li><span class=\"ms-rteThemeBackColor-1-0\">Cada\u00a0alumne\/a beneficiari\/\u00e0ria\u00a0rebr\u00e0 dos vals per un import de 50 euros cadascun, que es poden\u00a0bescanviar\u00a0en\u00a0un mateix establiment o en dos de diferents.<\/span><\/li>\n<li><span class=\"ms-rteThemeBackColor-1-0\">En una mateixa compra, no es poden fer servir els vals associats a\u00a0dos alumnes\u00a0diferents.<\/span><\/li>\n<li><span class=\"ms-rteThemeBackColor-1-0\">La compra de productes no inclosos\u00a0en aquesta campanya, s\u2019ha\u00a0de fer\u00a0en una venda independent.<\/span><\/li>\n<li><span class=\"ms-rteThemeBackColor-1-0\">Si la compra de material supera el valor dels vals, les fam\u00edlies\u00a0n\u2019han\u00a0d\u2019abonar la difer\u00e8ncia.\u00a0<\/span><\/li>\n<li><span class=\"ms-rteThemeBackColor-1-0\">Si la compra de material no supera els 50 euros (un val) o 100 euros (dos vals), els diners restants\u00a0no es podran\u00a0utilitzar en un altre moment ni se n\u2019abonar\u00e0 la difer\u200b\u00e8ncia.<\/span><\/li>\n<li><span class=\"ms-rteThemeBackColor-1-0\">En cas de devoluci\u00f3 d\u2019articles, els establiments no retornaran els diners; nom\u00e9s s\u2019admetran canvis per un altre material.<\/span><\/li>\n<li><span class=\"ms-rteThemeBackColor-1-0\">Les persones menors d\u2019edat han d\u2019anar acompanyades d\u2019un adult per bescanviar els vals.<\/span><\/li>\n<\/ul>\n<h3 id=\"h25\"><span class=\"ms-rteThemeBackColor-1-0\">Establiments comercials<\/span><\/h3>\n<ul>\n<li>Els vals es podran bescanviar en qualsevol dels establiments comercials amb venda presencial i situats a Catalunya que s\u2019hagin adherit a la campanya.<\/li>\n<li>No es podr\u00e0 adquirir material escolar en un\u200b\u00a0comer\u00e7 electr\u00f2nic.\u200b<\/li>\n<\/ul>\n<h3 id=\"h26\"><span class=\"ms-rteThemeBackColor-1-0\">M\u00e9s informaci\u00f3<br \/>\n<\/span><\/h3>\n<p><span class=\"ms-rteThemeBackColor-1-0\"><a title=\"Ves al DOGC\" href=\"https:\/\/dogc.gencat.cat\/ca\/document-del-dogc\/?documentId=962461\" target=\"_blank\" rel=\"noopener\"><img decoding=\"async\" class=\"ms-asset-icon ms-rtePosition-4\" src=\"https:\/\/espai.educacio.gencat.cat\/_layouts\/images\/icgen.gif\" alt=\"\" \/>Resoluci\u00f3\u00a0ECO\/2003\/2023<\/a>, de 6 de juny, per la qual es regula el procediment de gesti\u00f3 de l\u2019ajut directe en concepte de material escolar en favor de l\u2019alumnat de prim\u00e0ria de centres sostinguts amb fons p\u00fablics impulsat per l\u2019Acord GOV\/101\/2023, de 2 de maig (ref. BDNS 702047).<br \/>\n<\/span><\/p>\n<p><a title=\"Ves a la nota de premsa\" href=\"https:\/\/govern.cat\/salapremsa\/notes-premsa\/504262\/govern-aprova-lajut-100-euros-concepte-material-escolar-lalumnat-primaria\" target=\"_blank\" rel=\"noopener\"><img decoding=\"async\" class=\"ms-asset-icon ms-rtePosition-4\" src=\"https:\/\/espai.educacio.gencat.cat\/_layouts\/images\/icgen.gif\" alt=\"\" \/>El Govern aprova l\u2019ajut de 100 euros en concepte de material escolar per a l\u2019alumnat de prim\u00e0ria (nota de premsa)<br \/>\n<\/a><\/p>\n<p><a title=\"Descarrega el document\" href=\"https:\/\/dogc.gencat.cat\/ca\/document-del-dogc\/?documentId=959185\" target=\"_blank\" rel=\"noopener\"><img decoding=\"async\" class=\"ms-asset-icon ms-rtePosition-4\" src=\"https:\/\/espai.educacio.gencat.cat\/_layouts\/images\/icgen.gif\" alt=\"\" \/>Acord\u00a0GOV\/101\/2023<\/a>, de 2 de maig, pel qual s\u2019impulsa la implementaci\u00f3 de l\u2019ajut de 100 euros en concepte de material escolar per a alumnes de prim\u00e0ria en centres sostinguts amb fons p\u00fablics i es determinen les l\u00ednies b\u00e0siques per executar-lo.<\/p>\n<\/div>\n","protected":false},"excerpt":{"rendered":"<p>Alumnes\u00a0destinataris de\u00a0la mesura<\/p>\n<ul>\n<li>Tots els infants escolaritzats en cursos d\u2019educaci\u00f3 prim\u00e0ria en centres educatius sostinguts amb fons p\u00fablics\u00a0del Servei d\u2019Educaci\u00f3 de Catalunya,\u00a0el curs 2023-2024 \u200b(inclosos\u00a0els\u00a0centres d\u2019educaci\u00f3 especial).<\/li>\n<li>Concretament, l\u2019alumnat que,\u00a0en data 20\u00a0de maig de 2023\u200b,\u00a0est\u00e0 matriculat\u00a0al Registre d\u2019alumnes de Catalunya, en el tercer curs del segon cicle&hellip;  <a href=\"https:\/\/agora.xtec.cat\/ceiprivorubeo\/general\/val-escolar-informacio-sobre-la-mesura\/\" title=\"Read Val escolar: informaci\u00f3 sobre la mesura\">Llegeix m\u00e9s\u00bb<\/a><br \/>\n","protected":false},"author":1,"featured_media":0,"comment_status":"open","ping_status":"closed","sticky":false,"template":"","format":"standard","meta":{"_bbp_topic_count":0,"_bbp_reply_count":0,"_bbp_total_topic_count":0,"_bbp_total_reply_count":0,"_bbp_voice_count":0,"_bbp_anonymous_reply_count":0,"_bbp_topic_count_hidden":0,"_bbp_reply_count_hidden":0,"_bbp_forum_subforum_count":0,"footnotes":""},"categories":[65,78,1,77],"tags":[],"class_list":["post-2893","post","type-post","status-publish","format-standard","hentry","category-butlleti","category-butlletins-publicats","category-general","category-informacions-publicades"],"post_mailing_queue_ids":[],"_links":{"self":[{"href":"https:\/\/agora.xtec.cat\/ceiprivorubeo\/wp-json\/wp\/v2\/posts\/2893","targetHints":{"allow":["GET"]}}],"collection":[{"href":"https:\/\/agora.xtec.cat\/ceiprivorubeo\/wp-json\/wp\/v2\/posts"}],"about":[{"href":"https:\/\/agora.xtec.cat\/ceiprivorubeo\/wp-json\/wp\/v2\/types\/post"}],"author":[{"embeddable":true,"href":"https:\/\/agora.xtec.cat\/ceiprivorubeo\/wp-json\/wp\/v2\/users\/1"}],"replies":[{"embeddable":true,"href":"https:\/\/agora.xtec.cat\/ceiprivorubeo\/wp-json\/wp\/v2\/comments?post=2893"}],"version-history":[{"count":1,"href":"https:\/\/agora.xtec.cat\/ceiprivorubeo\/wp-json\/wp\/v2\/posts\/2893\/revisions"}],"predecessor-version":[{"id":2894,"href":"https:\/\/agora.xtec.cat\/ceiprivorubeo\/wp-json\/wp\/v2\/posts\/2893\/revisions\/2894"}],"wp:attachment":[{"href":"https:\/\/agora.xtec.cat\/ceiprivorubeo\/wp-json\/wp\/v2\/media?parent=2893"}],"wp:term":[{"taxonomy":"category","embeddable":true,"href":"https:\/\/agora.xtec.cat\/ceiprivorubeo\/wp-json\/wp\/v2\/categories?post=2893"},{"taxonomy":"post_tag","embeddable":true,"href":"https:\/\/agora.xtec.cat\/ceiprivorubeo\/wp-json\/wp\/v2\/tags?post=2893"}],"curies":[{"name":"wp","href":"https:\/\/api.w.org\/{rel}","templated":true}]}}