{"id":2880,"date":"2023-06-12T10:19:35","date_gmt":"2023-06-12T08:19:35","guid":{"rendered":"https:\/\/agora.xtec.cat\/ceiprivorubeo\/?p=2880"},"modified":"2023-08-22T21:25:45","modified_gmt":"2023-08-22T19:25:45","slug":"novetat-12-06-23","status":"publish","type":"post","link":"https:\/\/agora.xtec.cat\/ceiprivorubeo\/butlleti\/novetat-12-06-23\/","title":{"rendered":"Novetat 12\/06\/23: Actualitzaci\u00f3 preinscripci\u00f3 i matr\u00edcula 23-24"},"content":{"rendered":"<p><a href=\"https:\/\/agora.xtec.cat\/ceiprivorubeo\/wp-content\/uploads\/usu2655\/2023\/06\/Alumnat-Assignat.pdf\">Alumnat Assignat<\/a><\/p>\n<p><a href=\"https:\/\/agora.xtec.cat\/ceiprivorubeo\/wp-content\/uploads\/usu2655\/2023\/06\/Llista-despera.pdf\">Llista d&#8217;espera<\/a><\/p>\n<p><a href=\"https:\/\/agora.xtec.cat\/ceiprivorubeo\/wp-content\/uploads\/usu2655\/2023\/06\/Alumnat-Preinscrit.pdf\">Alumnat Preinscrit<\/a><\/p>\n<p>Del <strong>13 al 15 de juny<\/strong> per\u00edode de reclamacions, es podran tramitar electr\u00f2nicament a trav\u00e9s del correu electr\u00f2nic que rebreu i tamb\u00e9 per l\u2019OME de l\u2019Ajuntament de Rub\u00ed.<\/p>\n<p><strong>Del 20 al 28 de juny de 2023: <\/strong>Un cop s&#8217;ha publicat la llista final d&#8217;alumnes admesos en cada centre, comen\u00e7a el per\u00edode de matriculaci\u00f3 dels preinscrits amb pla\u00e7a assignada.<\/p>\n<p><strong><a href=\"https:\/\/preinscripcio.gencat.cat\/ca\/detalls\/noticia\/dates-preinscripcio\" target=\"_blank\" rel=\"noopener\">Consulta la web del Departament d&#8217;Educaci\u00f3<\/a><\/strong><\/p>\n","protected":false},"excerpt":{"rendered":"<p><a href=\"https:\/\/agora.xtec.cat\/ceiprivorubeo\/wp-content\/uploads\/usu2655\/2023\/06\/Alumnat-Assignat.pdf\">Alumnat Assignat<\/a><br \/>\n<a href=\"https:\/\/agora.xtec.cat\/ceiprivorubeo\/wp-content\/uploads\/usu2655\/2023\/06\/Llista-despera.pdf\">Llista d&#8217;espera<\/a><br \/>\n<a href=\"https:\/\/agora.xtec.cat\/ceiprivorubeo\/wp-content\/uploads\/usu2655\/2023\/06\/Alumnat-Preinscrit.pdf\">Alumnat Preinscrit<\/a><br \/>\nDel 13 al 15 de juny per\u00edode de reclamacions, es podran tramitar electr\u00f2nicament a trav\u00e9s del correu electr\u00f2nic que rebreu i tamb\u00e9 per l\u2019OME de l\u2019Ajuntament de Rub\u00ed.<br \/>\nDel 20 al 28 de juny de 2023: Un cop s&#8217;ha publicat&hellip;  <a href=\"https:\/\/agora.xtec.cat\/ceiprivorubeo\/butlleti\/novetat-12-06-23\/\" title=\"Read Novetat 12\/06\/23: Actualitzaci\u00f3 preinscripci\u00f3 i matr\u00edcula 23-24\">Llegeix m\u00e9s\u00bb<\/a><\/p>\n","protected":false},"author":1,"featured_media":0,"comment_status":"open","ping_status":"closed","sticky":false,"template":"","format":"standard","meta":{"_bbp_topic_count":0,"_bbp_reply_count":0,"_bbp_total_topic_count":0,"_bbp_total_reply_count":0,"_bbp_voice_count":0,"_bbp_anonymous_reply_count":0,"_bbp_topic_count_hidden":0,"_bbp_reply_count_hidden":0,"_bbp_forum_subforum_count":0,"footnotes":""},"categories":[65,95],"tags":[],"class_list":["post-2880","post","type-post","status-publish","format-standard","hentry","category-butlleti","category-preinscripcio-i-matricula-23-24"],"post_mailing_queue_ids":[],"_links":{"self":[{"href":"https:\/\/agora.xtec.cat\/ceiprivorubeo\/wp-json\/wp\/v2\/posts\/2880","targetHints":{"allow":["GET"]}}],"collection":[{"href":"https:\/\/agora.xtec.cat\/ceiprivorubeo\/wp-json\/wp\/v2\/posts"}],"about":[{"href":"https:\/\/agora.xtec.cat\/ceiprivorubeo\/wp-json\/wp\/v2\/types\/post"}],"author":[{"embeddable":true,"href":"https:\/\/agora.xtec.cat\/ceiprivorubeo\/wp-json\/wp\/v2\/users\/1"}],"replies":[{"embeddable":true,"href":"https:\/\/agora.xtec.cat\/ceiprivorubeo\/wp-json\/wp\/v2\/comments?post=2880"}],"version-history":[{"count":4,"href":"https:\/\/agora.xtec.cat\/ceiprivorubeo\/wp-json\/wp\/v2\/posts\/2880\/revisions"}],"predecessor-version":[{"id":2891,"href":"https:\/\/agora.xtec.cat\/ceiprivorubeo\/wp-json\/wp\/v2\/posts\/2880\/revisions\/2891"}],"wp:attachment":[{"href":"https:\/\/agora.xtec.cat\/ceiprivorubeo\/wp-json\/wp\/v2\/media?parent=2880"}],"wp:term":[{"taxonomy":"category","embeddable":true,"href":"https:\/\/agora.xtec.cat\/ceiprivorubeo\/wp-json\/wp\/v2\/categories?post=2880"},{"taxonomy":"post_tag","embeddable":true,"href":"https:\/\/agora.xtec.cat\/ceiprivorubeo\/wp-json\/wp\/v2\/tags?post=2880"}],"curies":[{"name":"wp","href":"https:\/\/api.w.org\/{rel}","templated":true}]}}