{"id":2861,"date":"2023-06-02T13:56:09","date_gmt":"2023-06-02T11:56:09","guid":{"rendered":"https:\/\/agora.xtec.cat\/ceiprivorubeo\/?p=2861"},"modified":"2023-08-22T21:26:32","modified_gmt":"2023-08-22T19:26:32","slug":"ajuts-per-a-alumnes-amb-necessitat-especifica-de-suport-educatiu","status":"publish","type":"post","link":"https:\/\/agora.xtec.cat\/ceiprivorubeo\/general\/ajuts-per-a-alumnes-amb-necessitat-especifica-de-suport-educatiu\/","title":{"rendered":"Ajuts per a alumnes amb necessitat espec\u00edfica de suport educatiu"},"content":{"rendered":"<p style=\"font-weight: 400;\">Benvolgudes fam\u00edlies,<\/p>\n<p style=\"font-weight: 400;\">Us informem que durant el mes d&#8217;abril va sortir publicat al BOE l\u2019extracte de la Resoluci\u00f3 de 20 d\u2019abril de 2023, per la que es convoquen els ajuts per a alumnes amb necessitat espec\u00edfica de suport educatiu per al curs 2023-2024. Els terminis seran des del dia <strong>8 de maig de 2023 fins al 20 de setembre de 2023<\/strong>.<\/p>\n<p>Modalitats dels ajuts:<\/p>\n<ul>\n<li>Ajuts i subsidis per a alumnes amb necessitat espec\u00edfica de suport educatiu derivada de discapacitat o trastorn greu de conducta o trastorn de la comunicaci\u00f3 i el llenguatge o trastorn de l&#8217;espectre autista.<\/li>\n<li>Ajuts i subsidi per a programes complementaris a alumnes amb necessitat espec\u00edfica de suport educatiu associada a altes capacitats.<\/li>\n<\/ul>\n<p>Tot el proc\u00e9s de sol\u00b7licitud de la beca es fa a trav\u00e9s de la seu electr\u00f2nica del Ministeri d&#8217;Educaci\u00f3 i Formaci\u00f3 Professional.<\/p>\n<p>Si no es disposa de certificat electr\u00f2nic, claus electr\u00f2niques d&#8217;administracions p\u00fabliques o certificat electr\u00f2nic, un cop emplenat el formulari de sol\u00b7licitud s&#8217;haur\u00e0 d&#8217;imprimir (en format PDF) i presentar-lo al centre educatiu, on s&#8217;estudiar\u00e0.<\/p>\n<p style=\"font-weight: 400;\">Com a novetat per al curs 2023-24 \u00e9s la creaci\u00f3 d\u2019un nou component anomenat \u201c<strong>Subsidi de quantia fixa<\/strong>\u00a0per a despeses addicionals de car\u00e0cter general\u201d. \u00a0L\u2019import d\u2019aquest ajut ser\u00e0 de 400,00 \u20ac \u00a0i es podr\u00e0 optar\u00a0<strong>tot i superar<\/strong>\u00a0els llindars econ\u00f2mics,\u00a0<strong>sempre que s\u2019acrediti<\/strong>\u00a0la necessitat de suport educatiu. Per a la seva assignaci\u00f3 no caldr\u00e0 ser fam\u00edlia nombrosa.\u00a0<strong>L\u2019EAP ha de marcar la casella corresponent conforme l\u2019alumne\/a t\u00e9 necessitats educatives.<\/strong><\/p>\n<p>Per accedir al tr\u00e0mit:<\/p>\n<p><a href=\"https:\/\/educacio.gencat.cat\/ca\/tramits\/tramits-temes\/ajuts-nee\">https:\/\/educacio.gencat.cat\/ca\/tramits\/tramits-temes\/ajuts-nee<\/a><\/p>\n","protected":false},"excerpt":{"rendered":"<p>Benvolgudes fam\u00edlies,<br \/>\nUs informem que durant el mes d&#8217;abril va sortir publicat al BOE l\u2019extracte de la Resoluci\u00f3 de 20 d\u2019abril de 2023, per la que es convoquen els ajuts per a alumnes amb necessitat espec\u00edfica de suport educatiu per al curs 2023-2024. Els terminis seran&hellip;  <a href=\"https:\/\/agora.xtec.cat\/ceiprivorubeo\/general\/ajuts-per-a-alumnes-amb-necessitat-especifica-de-suport-educatiu\/\" title=\"Read Ajuts per a alumnes amb necessitat espec\u00edfica de suport educatiu\">Llegeix m\u00e9s\u00bb<\/a><\/p>\n","protected":false},"author":1,"featured_media":0,"comment_status":"open","ping_status":"closed","sticky":false,"template":"","format":"standard","meta":{"_bbp_topic_count":0,"_bbp_reply_count":0,"_bbp_total_topic_count":0,"_bbp_total_reply_count":0,"_bbp_voice_count":0,"_bbp_anonymous_reply_count":0,"_bbp_topic_count_hidden":0,"_bbp_reply_count_hidden":0,"_bbp_forum_subforum_count":0,"footnotes":""},"categories":[65,1,77,86],"tags":[],"class_list":["post-2861","post","type-post","status-publish","format-standard","hentry","category-butlleti","category-general","category-informacions-publicades","category-potser-tinteressa"],"post_mailing_queue_ids":[],"_links":{"self":[{"href":"https:\/\/agora.xtec.cat\/ceiprivorubeo\/wp-json\/wp\/v2\/posts\/2861","targetHints":{"allow":["GET"]}}],"collection":[{"href":"https:\/\/agora.xtec.cat\/ceiprivorubeo\/wp-json\/wp\/v2\/posts"}],"about":[{"href":"https:\/\/agora.xtec.cat\/ceiprivorubeo\/wp-json\/wp\/v2\/types\/post"}],"author":[{"embeddable":true,"href":"https:\/\/agora.xtec.cat\/ceiprivorubeo\/wp-json\/wp\/v2\/users\/1"}],"replies":[{"embeddable":true,"href":"https:\/\/agora.xtec.cat\/ceiprivorubeo\/wp-json\/wp\/v2\/comments?post=2861"}],"version-history":[{"count":1,"href":"https:\/\/agora.xtec.cat\/ceiprivorubeo\/wp-json\/wp\/v2\/posts\/2861\/revisions"}],"predecessor-version":[{"id":2862,"href":"https:\/\/agora.xtec.cat\/ceiprivorubeo\/wp-json\/wp\/v2\/posts\/2861\/revisions\/2862"}],"wp:attachment":[{"href":"https:\/\/agora.xtec.cat\/ceiprivorubeo\/wp-json\/wp\/v2\/media?parent=2861"}],"wp:term":[{"taxonomy":"category","embeddable":true,"href":"https:\/\/agora.xtec.cat\/ceiprivorubeo\/wp-json\/wp\/v2\/categories?post=2861"},{"taxonomy":"post_tag","embeddable":true,"href":"https:\/\/agora.xtec.cat\/ceiprivorubeo\/wp-json\/wp\/v2\/tags?post=2861"}],"curies":[{"name":"wp","href":"https:\/\/api.w.org\/{rel}","templated":true}]}}