{"id":2858,"date":"2023-06-02T13:45:51","date_gmt":"2023-06-02T11:45:51","guid":{"rendered":"https:\/\/agora.xtec.cat\/ceiprivorubeo\/?p=2858"},"modified":"2023-08-22T21:26:46","modified_gmt":"2023-08-22T19:26:46","slug":"cooperativa-escolar","status":"publish","type":"post","link":"https:\/\/agora.xtec.cat\/ceiprivorubeo\/primaria\/grans\/6e\/cooperativa-escolar\/","title":{"rendered":"Cooperativa escolar"},"content":{"rendered":"<p>L&#8217;alumnat de 5\u00e8 al llarg del curs apr\u00e8n a crear una cooperativa. Ara aquest projecte veu la llum amb la venda de productes fets per ells i elles. Aix\u00ed doncs, tothom a col\u00b7laborar comprant a la paradeta que posarem aquest dissabte 3 de juny de 9 a 14h al Carrer Major, davant del Deutsche Bank.<\/p>\n","protected":false},"excerpt":{"rendered":"<p>L&#8217;alumnat de 5\u00e8 al llarg del curs apr\u00e8n a crear una cooperativa. Ara aquest projecte veu la llum amb la venda de productes fets per ells i elles. Aix\u00ed doncs, tothom a col\u00b7laborar comprant a la paradeta que posarem aquest dissabte 3 de juny de&hellip;  <a href=\"https:\/\/agora.xtec.cat\/ceiprivorubeo\/primaria\/grans\/6e\/cooperativa-escolar\/\" title=\"Read Cooperativa escolar\">Llegeix m\u00e9s\u00bb<\/a><\/p>\n","protected":false},"author":1,"featured_media":0,"comment_status":"open","ping_status":"closed","sticky":false,"template":"","format":"standard","meta":{"_bbp_topic_count":0,"_bbp_reply_count":0,"_bbp_total_topic_count":0,"_bbp_total_reply_count":0,"_bbp_voice_count":0,"_bbp_anonymous_reply_count":0,"_bbp_topic_count_hidden":0,"_bbp_reply_count_hidden":0,"_bbp_forum_subforum_count":0,"footnotes":""},"categories":[65,77,14],"tags":[],"class_list":["post-2858","post","type-post","status-publish","format-standard","hentry","category-butlleti","category-informacions-publicades","category-6e"],"post_mailing_queue_ids":[],"_links":{"self":[{"href":"https:\/\/agora.xtec.cat\/ceiprivorubeo\/wp-json\/wp\/v2\/posts\/2858","targetHints":{"allow":["GET"]}}],"collection":[{"href":"https:\/\/agora.xtec.cat\/ceiprivorubeo\/wp-json\/wp\/v2\/posts"}],"about":[{"href":"https:\/\/agora.xtec.cat\/ceiprivorubeo\/wp-json\/wp\/v2\/types\/post"}],"author":[{"embeddable":true,"href":"https:\/\/agora.xtec.cat\/ceiprivorubeo\/wp-json\/wp\/v2\/users\/1"}],"replies":[{"embeddable":true,"href":"https:\/\/agora.xtec.cat\/ceiprivorubeo\/wp-json\/wp\/v2\/comments?post=2858"}],"version-history":[{"count":1,"href":"https:\/\/agora.xtec.cat\/ceiprivorubeo\/wp-json\/wp\/v2\/posts\/2858\/revisions"}],"predecessor-version":[{"id":2859,"href":"https:\/\/agora.xtec.cat\/ceiprivorubeo\/wp-json\/wp\/v2\/posts\/2858\/revisions\/2859"}],"wp:attachment":[{"href":"https:\/\/agora.xtec.cat\/ceiprivorubeo\/wp-json\/wp\/v2\/media?parent=2858"}],"wp:term":[{"taxonomy":"category","embeddable":true,"href":"https:\/\/agora.xtec.cat\/ceiprivorubeo\/wp-json\/wp\/v2\/categories?post=2858"},{"taxonomy":"post_tag","embeddable":true,"href":"https:\/\/agora.xtec.cat\/ceiprivorubeo\/wp-json\/wp\/v2\/tags?post=2858"}],"curies":[{"name":"wp","href":"https:\/\/api.w.org\/{rel}","templated":true}]}}