{"id":2833,"date":"2023-05-26T13:51:26","date_gmt":"2023-05-26T11:51:26","guid":{"rendered":"https:\/\/agora.xtec.cat\/ceiprivorubeo\/?p=2833"},"modified":"2023-08-22T21:28:06","modified_gmt":"2023-08-22T19:28:06","slug":"festa-dels-xatos-dilluns-29-de-maig","status":"publish","type":"post","link":"https:\/\/agora.xtec.cat\/ceiprivorubeo\/general\/festa-dels-xatos-dilluns-29-de-maig\/","title":{"rendered":"Festa dels Xatos (Festa local)- Dilluns 29 de maig"},"content":{"rendered":"<header>\n<div class=\"documentDescription description\">La Festa dels Xatos \u00e9s una antiga tradici\u00f3 que t\u00e9 les seves arrels al segle XIX, quan les colles dels Xatos venien fins a Rub\u00ed en romiatge, cada Pasqua Granada, per retre homenatge a Sant Mu\u00e7.<\/div>\n<\/header>\n<div id=\"viewlet-above-content-body\"><\/div>\n<div id=\"content-core\">\n<div id=\"parent-fieldname-text\" class=\"\">\n<p>L\u2019agrupaci\u00f3 Els Xatos era una de les m\u00e9s populars i caracter\u00edstiques de la Barcelona vuitcentista que cada any, per les festes de Pasqua Granada, anava en romiatge a l\u2019ermita que custodia la capella del seu patr\u00f3, Sant Mu\u00e7, als afores del nucli urb\u00e0 de Rub\u00ed.<\/p>\n<p>El dilluns 29 de maig, Rub\u00ed tornar\u00e0 a celebrar l&#8217;Aplec de Sant Mu\u00e7 i la Festa dels Xatos. \u00c9s una de les dues festes locals i est\u00e0 organitzada per l\u2019Ajuntament, l&#8217;Esbart Dansaire de Rub\u00ed, el Foment de la Sardana i la Parr\u00f2quia de Sant Pere, amb la col\u00b7laboraci\u00f3 d&#8217;altres entitats culturals de la ciutat.<\/p>\n<p>M\u00e9s informaci\u00f3 a: <a href=\"https:\/\/www.rubi.cat\/ca\/temes\/cultura\/festes-i-tradicions\/festa-dels-xatos\">https:\/\/www.rubi.cat\/ca\/temes\/cultura\/festes-i-tradicions\/festa-dels-xatos<\/a><\/p>\n<p style=\"text-align: center;\"><a href=\"https:\/\/agora.xtec.cat\/ceiprivorubeo\/wp-content\/uploads\/usu2655\/2023\/05\/bdd3996f-d58b-4c56-820f-4805f5bc3446.jpeg\"><img loading=\"lazy\" decoding=\"async\" class=\"alignnone size-full wp-image-2834\" src=\"https:\/\/agora.xtec.cat\/ceiprivorubeo\/wp-content\/uploads\/usu2655\/2023\/05\/bdd3996f-d58b-4c56-820f-4805f5bc3446.jpeg\" alt=\"\" width=\"768\" height=\"512\" srcset=\"https:\/\/agora.xtec.cat\/ceiprivorubeo\/wp-content\/uploads\/usu2655\/2023\/05\/bdd3996f-d58b-4c56-820f-4805f5bc3446.jpeg 768w, https:\/\/agora.xtec.cat\/ceiprivorubeo\/wp-content\/uploads\/usu2655\/2023\/05\/bdd3996f-d58b-4c56-820f-4805f5bc3446-300x200.jpeg 300w\" sizes=\"auto, (max-width: 768px) 100vw, 768px\" \/><\/a><\/p>\n<\/div>\n<\/div>\n","protected":false},"excerpt":{"rendered":"<p>La Festa dels Xatos \u00e9s una antiga tradici\u00f3 que t\u00e9 les seves arrels al segle XIX, quan les colles dels Xatos venien fins a Rub\u00ed en romiatge, cada Pasqua Granada, per retre homenatge a Sant Mu\u00e7.<\/p>\n<p>L\u2019agrupaci\u00f3 Els Xatos era una de les m\u00e9s populars i&hellip;  <a href=\"https:\/\/agora.xtec.cat\/ceiprivorubeo\/general\/festa-dels-xatos-dilluns-29-de-maig\/\" title=\"Read Festa dels Xatos (Festa local)- Dilluns 29 de maig\">Llegeix m\u00e9s\u00bb<\/a><\/p>\n","protected":false},"author":1,"featured_media":0,"comment_status":"open","ping_status":"closed","sticky":false,"template":"","format":"standard","meta":{"_bbp_topic_count":0,"_bbp_reply_count":0,"_bbp_total_topic_count":0,"_bbp_total_reply_count":0,"_bbp_voice_count":0,"_bbp_anonymous_reply_count":0,"_bbp_topic_count_hidden":0,"_bbp_reply_count_hidden":0,"_bbp_forum_subforum_count":0,"footnotes":""},"categories":[1,77,86],"tags":[],"class_list":["post-2833","post","type-post","status-publish","format-standard","hentry","category-general","category-informacions-publicades","category-potser-tinteressa"],"post_mailing_queue_ids":[],"_links":{"self":[{"href":"https:\/\/agora.xtec.cat\/ceiprivorubeo\/wp-json\/wp\/v2\/posts\/2833","targetHints":{"allow":["GET"]}}],"collection":[{"href":"https:\/\/agora.xtec.cat\/ceiprivorubeo\/wp-json\/wp\/v2\/posts"}],"about":[{"href":"https:\/\/agora.xtec.cat\/ceiprivorubeo\/wp-json\/wp\/v2\/types\/post"}],"author":[{"embeddable":true,"href":"https:\/\/agora.xtec.cat\/ceiprivorubeo\/wp-json\/wp\/v2\/users\/1"}],"replies":[{"embeddable":true,"href":"https:\/\/agora.xtec.cat\/ceiprivorubeo\/wp-json\/wp\/v2\/comments?post=2833"}],"version-history":[{"count":3,"href":"https:\/\/agora.xtec.cat\/ceiprivorubeo\/wp-json\/wp\/v2\/posts\/2833\/revisions"}],"predecessor-version":[{"id":2837,"href":"https:\/\/agora.xtec.cat\/ceiprivorubeo\/wp-json\/wp\/v2\/posts\/2833\/revisions\/2837"}],"wp:attachment":[{"href":"https:\/\/agora.xtec.cat\/ceiprivorubeo\/wp-json\/wp\/v2\/media?parent=2833"}],"wp:term":[{"taxonomy":"category","embeddable":true,"href":"https:\/\/agora.xtec.cat\/ceiprivorubeo\/wp-json\/wp\/v2\/categories?post=2833"},{"taxonomy":"post_tag","embeddable":true,"href":"https:\/\/agora.xtec.cat\/ceiprivorubeo\/wp-json\/wp\/v2\/tags?post=2833"}],"curies":[{"name":"wp","href":"https:\/\/api.w.org\/{rel}","templated":true}]}}