{"id":2822,"date":"2023-05-26T13:39:44","date_gmt":"2023-05-26T11:39:44","guid":{"rendered":"https:\/\/agora.xtec.cat\/ceiprivorubeo\/?p=2822"},"modified":"2023-08-23T20:04:08","modified_gmt":"2023-08-23T18:04:08","slug":"projecte-de-direccio-2023-2027","status":"publish","type":"post","link":"https:\/\/agora.xtec.cat\/ceiprivorubeo\/general\/projecte-de-direccio-2023-2027\/","title":{"rendered":"Projecte de direcci\u00f3 2023-2027"},"content":{"rendered":"<p>Benvolgudes fam\u00edlies,<\/p>\n<p>Despr\u00e9s de superar les fases del concurs de m\u00e8rits del proc\u00e9s de selecci\u00f3 de directors i directores, tinc la satisfacci\u00f3 de poder-vos presentar una breu introducci\u00f3 del projecte de direcci\u00f3 per l&#8217;escola durant els cursos 2023-2027.<\/p>\n<p>Soc la Cristina Mart\u00ednez, aquest projecte de direcci\u00f3 neix de la il\u00b7lusi\u00f3, milers de converses i molts plans fets amb diferents companyes i amigues, que s&#8217;estimen aquesta professi\u00f3 tant com jo.<\/p>\n<p>Durant tota la meva etapa com a docent, des del 2006, he ajudat a iniciar molts projectes com a part del claustre, liderant equips i implicant-me.<\/p>\n<p>Formo part de l\u2019Escola Rivo Rubeo des del curs 2017-18 \u00a0i l\u2019escola i jo no nom\u00e9s compartim els anys que portem dedicats a acompanyar, escoltar, estimar i veure a tots els infants, sin\u00f3 que compartim una filosofia i uns valors molts s\u00f2lids. L&#8217;alumne Rivo \u00e9s un infant competent, solidari, creatiu, acollidor, amb il\u00b7lusi\u00f3\u2026 Qualitats on tot el claustre i la comunitat educativa de seguida notem com formem part d&#8217;aquesta gran fam\u00edlia, el Rivo.<\/p>\n<p>Aquest projecte t\u00e9 present a les directores que m\u2019han precedit en la direcci\u00f3: la Montse Ventura, la Lola Mir\u00f3 i la Marina Llonch, on la seva visi\u00f3, filosofia i car\u00e0cter continuen presents en l\u2019ess\u00e8ncia de l\u2019escola. El meu agra\u00efment especial, a la Lidia And\u00fajar i a la Tatiana Cap\u00f3. M\u2019han acompanyat durant aquest any de nomenament extraordinari, i m\u2019han ensenyat tant professionalment, com en l\u2019\u00e0mbit personal, on hem compartit molts moments juntes aquest any.\u00a0 Per\u00f2 sobretot les vull agrair que hagin estat part essencial del meu equip i sobretot per creure en mi.<\/p>\n<p>Les persones que formaran equip directiu, juntament amb mi, s\u00f3n les seg\u00fcents:<\/p>\n<p style=\"text-align: center;\">Ver\u00f3nica Suazo, cap d\u2019estudis:<\/p>\n<p>Em dic Ver\u00f3nica, he estat tutora, coordinadora de Grans i soc mare de l\u2019escola Rivo Rubeo. El curs 2023-24 far\u00e0 vuit anys que formo part d\u2019aquesta comunitat. He treballat amb diversos equips docents, sempre a cicle Grans per\u00f2 coneixent de prop i compartint els valors i el treball fet des de les aules de Petits. He sigut tutora des que vaig comen\u00e7ar i coordinadora en els darrers dos anys. Tamb\u00e9 he estat membre\u00a0del Consell Escolar. M\u2019encanta formar part d\u2019una escola en qu\u00e8 tothom apr\u00e8n de tothom, estem en constant moviment de millora i acollim la diversitat i les dificultats del dia a dia com a nous reptes, posant en primer lloc el creixement personal de l&#8217;infant.<\/p>\n<p style=\"text-align: center;\">Patricia Toledano, secret\u00e0ria:<\/p>\n<p>Soc la Patricia mestra al centre des de fa 16 anys, he estat tutora d\u2019educaci\u00f3 infantil i prim\u00e0ria, he format part de l\u2019equip de coordinaci\u00f3 durant 10 cursos. Des de sempre he cregut en el projecte educatiu del Rivo Rubeo i he participat en moltes de les decisions que s\u2019han pres. Ara mateix em sento amb for\u00e7a, ganes i il\u00b7lusi\u00f3 de formar part de l\u2019equip directiu i poder continuar remant cap endavant d\u2019aquesta gran fam\u00edlia que formem l\u2019escola.<\/p>\n<p>Aquest projecte de direcci\u00f3 vol donar una visi\u00f3 compartida i participativa, amb un lideratge proper i respectu\u00f3s, on el principal sigui el desenvolupament de les persones, la col\u00b7laboraci\u00f3 en xarxa, la transpar\u00e8ncia i la capacitat de generar de canvi. Un projecte que treballar\u00e0 sota el paraigua del lideratge distribu\u00eft, buscant i potenciant el talent de totes i tots els seus membres. Sense perdre de vista el PEC i amb la col\u00b7laboraci\u00f3 de tota la comunitat educativa: alumnat, fam\u00edlies, PAS, AFA i Consell Escolar.<\/p>\n<p>Junts constru\u00efm la hist\u00f2ria de la nostra escola que \u00e9s la nostra pr\u00f2pia hist\u00f2ria.<\/p>\n<p>A continuaci\u00f3 us deixo un enlla\u00e7 amb una petita presentaci\u00f3 del projecte de direcci\u00f3.<\/p>\n<p><a href=\"https:\/\/www.powtoon.com\/c\/funi2wkFiWp\/2\/m\">https:\/\/www.powtoon.com\/c\/funi2wkFiWp\/2\/m<\/a><\/p>\n<p>&nbsp;<\/p>\n","protected":false},"excerpt":{"rendered":"<p>Benvolgudes fam\u00edlies,<br \/>\nDespr\u00e9s de superar les fases del concurs de m\u00e8rits del proc\u00e9s de selecci\u00f3 de directors i directores, tinc la satisfacci\u00f3 de poder-vos presentar una breu introducci\u00f3 del projecte de direcci\u00f3 per l&#8217;escola durant els cursos 2023-2027.<br \/>\nSoc la Cristina Mart\u00ednez, aquest projecte de direcci\u00f3 neix&hellip;  <a href=\"https:\/\/agora.xtec.cat\/ceiprivorubeo\/general\/projecte-de-direccio-2023-2027\/\" title=\"Read Projecte de direcci\u00f3 2023-2027\">Llegeix m\u00e9s\u00bb<\/a><\/p>\n","protected":false},"author":1,"featured_media":0,"comment_status":"open","ping_status":"closed","sticky":false,"template":"","format":"standard","meta":{"_bbp_topic_count":0,"_bbp_reply_count":0,"_bbp_total_topic_count":0,"_bbp_total_reply_count":0,"_bbp_voice_count":0,"_bbp_anonymous_reply_count":0,"_bbp_topic_count_hidden":0,"_bbp_reply_count_hidden":0,"_bbp_forum_subforum_count":0,"footnotes":""},"categories":[1,77],"tags":[],"class_list":["post-2822","post","type-post","status-publish","format-standard","hentry","category-general","category-informacions-publicades"],"post_mailing_queue_ids":[],"_links":{"self":[{"href":"https:\/\/agora.xtec.cat\/ceiprivorubeo\/wp-json\/wp\/v2\/posts\/2822","targetHints":{"allow":["GET"]}}],"collection":[{"href":"https:\/\/agora.xtec.cat\/ceiprivorubeo\/wp-json\/wp\/v2\/posts"}],"about":[{"href":"https:\/\/agora.xtec.cat\/ceiprivorubeo\/wp-json\/wp\/v2\/types\/post"}],"author":[{"embeddable":true,"href":"https:\/\/agora.xtec.cat\/ceiprivorubeo\/wp-json\/wp\/v2\/users\/1"}],"replies":[{"embeddable":true,"href":"https:\/\/agora.xtec.cat\/ceiprivorubeo\/wp-json\/wp\/v2\/comments?post=2822"}],"version-history":[{"count":3,"href":"https:\/\/agora.xtec.cat\/ceiprivorubeo\/wp-json\/wp\/v2\/posts\/2822\/revisions"}],"predecessor-version":[{"id":2830,"href":"https:\/\/agora.xtec.cat\/ceiprivorubeo\/wp-json\/wp\/v2\/posts\/2822\/revisions\/2830"}],"wp:attachment":[{"href":"https:\/\/agora.xtec.cat\/ceiprivorubeo\/wp-json\/wp\/v2\/media?parent=2822"}],"wp:term":[{"taxonomy":"category","embeddable":true,"href":"https:\/\/agora.xtec.cat\/ceiprivorubeo\/wp-json\/wp\/v2\/categories?post=2822"},{"taxonomy":"post_tag","embeddable":true,"href":"https:\/\/agora.xtec.cat\/ceiprivorubeo\/wp-json\/wp\/v2\/tags?post=2822"}],"curies":[{"name":"wp","href":"https:\/\/api.w.org\/{rel}","templated":true}]}}