{"id":2793,"date":"2023-05-12T11:13:43","date_gmt":"2023-05-12T09:13:43","guid":{"rendered":"https:\/\/agora.xtec.cat\/ceiprivorubeo\/?p=2793"},"modified":"2023-08-22T21:30:29","modified_gmt":"2023-08-22T19:30:29","slug":"dia-internacional-dels-museus","status":"publish","type":"post","link":"https:\/\/agora.xtec.cat\/ceiprivorubeo\/general\/dia-internacional-dels-museus\/","title":{"rendered":"Dia internacional dels museus"},"content":{"rendered":"<p>El 18 de maig tenim una gran cita amb els museus: celebrem el Dia Internacional dels Museus! \u00c9s l&#8217;esdeveniment m\u00e9s important que organitza, des del 1977, el <a href=\"https:\/\/icom.museum\/es\/\" target=\"_blank\" rel=\"noopener\">Comit\u00e8 Internacional dels Museus (ICOM)<\/a>. Al voltant d&#8217;aquella data, els museus organitzen diverses activitats per a tots els p\u00fablics i obren les seves portes gratu\u00eftament. L&#8217;objectiu de la celebraci\u00f3 \u00e9s sensibilitzar als seus visitants i a la ciutadania de la seva import\u00e0ncia en el desenvolupament de la societat.<\/p>\n<p>Enguany, la celebraci\u00f3 tindr\u00e0 lloc del 13 de maig, Nit dels Museus, al 21 de maig.<\/p>\n<p><a href=\"https:\/\/patrimoni.gencat.cat\/ca\/dim2023\">https:\/\/patrimoni.gencat.cat\/ca\/dim2023<\/a><\/p>\n<p><a href=\"https:\/\/agora.xtec.cat\/ceiprivorubeo\/wp-content\/uploads\/usu2655\/2023\/05\/d41df-2023-nit-dels-museus-baner-web-1920x1080-.jpg\"><img loading=\"lazy\" decoding=\"async\" class=\"wp-image-2794 aligncenter\" src=\"https:\/\/agora.xtec.cat\/ceiprivorubeo\/wp-content\/uploads\/usu2655\/2023\/05\/d41df-2023-nit-dels-museus-baner-web-1920x1080--1024x576.jpg\" alt=\"\" width=\"734\" height=\"413\" srcset=\"https:\/\/agora.xtec.cat\/ceiprivorubeo\/wp-content\/uploads\/usu2655\/2023\/05\/d41df-2023-nit-dels-museus-baner-web-1920x1080--1024x576.jpg 1024w, https:\/\/agora.xtec.cat\/ceiprivorubeo\/wp-content\/uploads\/usu2655\/2023\/05\/d41df-2023-nit-dels-museus-baner-web-1920x1080--300x169.jpg 300w, https:\/\/agora.xtec.cat\/ceiprivorubeo\/wp-content\/uploads\/usu2655\/2023\/05\/d41df-2023-nit-dels-museus-baner-web-1920x1080--768x432.jpg 768w, https:\/\/agora.xtec.cat\/ceiprivorubeo\/wp-content\/uploads\/usu2655\/2023\/05\/d41df-2023-nit-dels-museus-baner-web-1920x1080--1536x864.jpg 1536w, https:\/\/agora.xtec.cat\/ceiprivorubeo\/wp-content\/uploads\/usu2655\/2023\/05\/d41df-2023-nit-dels-museus-baner-web-1920x1080-.jpg 1920w\" sizes=\"auto, (max-width: 734px) 100vw, 734px\" \/><\/a><\/p>\n","protected":false},"excerpt":{"rendered":"<p>El 18 de maig tenim una gran cita amb els museus: celebrem el Dia Internacional dels Museus! \u00c9s l&#8217;esdeveniment m\u00e9s important que organitza, des del 1977, el <a href=\"https:\/\/icom.museum\/es\/\" target=\"_blank\" rel=\"noopener\">Comit\u00e8 Internacional dels Museus (ICOM)<\/a>. Al voltant d&#8217;aquella data, els museus organitzen diverses activitats per&hellip;  <a href=\"https:\/\/agora.xtec.cat\/ceiprivorubeo\/general\/dia-internacional-dels-museus\/\" title=\"Read Dia internacional dels museus\">Llegeix m\u00e9s\u00bb<\/a><\/p>\n","protected":false},"author":1,"featured_media":0,"comment_status":"open","ping_status":"closed","sticky":false,"template":"","format":"standard","meta":{"_bbp_topic_count":0,"_bbp_reply_count":0,"_bbp_total_topic_count":0,"_bbp_total_reply_count":0,"_bbp_voice_count":0,"_bbp_anonymous_reply_count":0,"_bbp_topic_count_hidden":0,"_bbp_reply_count_hidden":0,"_bbp_forum_subforum_count":0,"footnotes":""},"categories":[1,77],"tags":[],"class_list":["post-2793","post","type-post","status-publish","format-standard","hentry","category-general","category-informacions-publicades"],"post_mailing_queue_ids":[],"_links":{"self":[{"href":"https:\/\/agora.xtec.cat\/ceiprivorubeo\/wp-json\/wp\/v2\/posts\/2793","targetHints":{"allow":["GET"]}}],"collection":[{"href":"https:\/\/agora.xtec.cat\/ceiprivorubeo\/wp-json\/wp\/v2\/posts"}],"about":[{"href":"https:\/\/agora.xtec.cat\/ceiprivorubeo\/wp-json\/wp\/v2\/types\/post"}],"author":[{"embeddable":true,"href":"https:\/\/agora.xtec.cat\/ceiprivorubeo\/wp-json\/wp\/v2\/users\/1"}],"replies":[{"embeddable":true,"href":"https:\/\/agora.xtec.cat\/ceiprivorubeo\/wp-json\/wp\/v2\/comments?post=2793"}],"version-history":[{"count":1,"href":"https:\/\/agora.xtec.cat\/ceiprivorubeo\/wp-json\/wp\/v2\/posts\/2793\/revisions"}],"predecessor-version":[{"id":2795,"href":"https:\/\/agora.xtec.cat\/ceiprivorubeo\/wp-json\/wp\/v2\/posts\/2793\/revisions\/2795"}],"wp:attachment":[{"href":"https:\/\/agora.xtec.cat\/ceiprivorubeo\/wp-json\/wp\/v2\/media?parent=2793"}],"wp:term":[{"taxonomy":"category","embeddable":true,"href":"https:\/\/agora.xtec.cat\/ceiprivorubeo\/wp-json\/wp\/v2\/categories?post=2793"},{"taxonomy":"post_tag","embeddable":true,"href":"https:\/\/agora.xtec.cat\/ceiprivorubeo\/wp-json\/wp\/v2\/tags?post=2793"}],"curies":[{"name":"wp","href":"https:\/\/api.w.org\/{rel}","templated":true}]}}