{"id":2780,"date":"2023-05-09T15:27:58","date_gmt":"2023-05-09T13:27:58","guid":{"rendered":"https:\/\/agora.xtec.cat\/ceiprivorubeo\/?p=2780"},"modified":"2023-05-09T15:27:58","modified_gmt":"2023-05-09T13:27:58","slug":"preinscripcio-numero-de-desempat","status":"publish","type":"post","link":"https:\/\/agora.xtec.cat\/ceiprivorubeo\/portada\/preinscripcio-numero-de-desempat\/","title":{"rendered":"Preinscripci\u00f3. N\u00famero de desempat"},"content":{"rendered":"<p>Avui s&#8217;ha celebrat el sorteig del n\u00famero de desempat. Aquest ha estat el n\u00famero sortejat:<\/p>\n<p><strong>66.646<\/strong><\/p>\n<p>Aquest n\u00famero de sorteig determina el n\u00famero a partir del qual s&#8217;endrecen les sol\u00b7licituds per desempatar-les.<\/p>\n<p>El n\u00famero de desempat \u00e9s el que es va assignar a la vostra sol\u00b7licitud i es va publicar a la darrera llista baremada definitiva (no confondre amb el n\u00famero de registre)<\/p>\n","protected":false},"excerpt":{"rendered":"<p>Avui s&#8217;ha celebrat el sorteig del n\u00famero de desempat. Aquest ha estat el n\u00famero sortejat:<br \/>\n66.646<br \/>\nAquest n\u00famero de sorteig determina el n\u00famero a partir del qual s&#8217;endrecen les sol\u00b7licituds per desempatar-les.<br \/>\nEl n\u00famero de desempat \u00e9s el que es va assignar a la vostra sol\u00b7licitud i es&hellip;  <a href=\"https:\/\/agora.xtec.cat\/ceiprivorubeo\/portada\/preinscripcio-numero-de-desempat\/\" title=\"Read Preinscripci\u00f3. N\u00famero de desempat\">Llegeix m\u00e9s\u00bb<\/a><\/p>\n","protected":false},"author":1,"featured_media":0,"comment_status":"open","ping_status":"closed","sticky":false,"template":"","format":"standard","meta":{"_bbp_topic_count":0,"_bbp_reply_count":0,"_bbp_total_topic_count":0,"_bbp_total_reply_count":0,"_bbp_voice_count":0,"_bbp_anonymous_reply_count":0,"_bbp_topic_count_hidden":0,"_bbp_reply_count_hidden":0,"_bbp_forum_subforum_count":0,"footnotes":""},"categories":[77,4,95],"tags":[],"class_list":["post-2780","post","type-post","status-publish","format-standard","hentry","category-informacions-publicades","category-portada","category-preinscripcio-i-matricula-23-24"],"post_mailing_queue_ids":[],"_links":{"self":[{"href":"https:\/\/agora.xtec.cat\/ceiprivorubeo\/wp-json\/wp\/v2\/posts\/2780","targetHints":{"allow":["GET"]}}],"collection":[{"href":"https:\/\/agora.xtec.cat\/ceiprivorubeo\/wp-json\/wp\/v2\/posts"}],"about":[{"href":"https:\/\/agora.xtec.cat\/ceiprivorubeo\/wp-json\/wp\/v2\/types\/post"}],"author":[{"embeddable":true,"href":"https:\/\/agora.xtec.cat\/ceiprivorubeo\/wp-json\/wp\/v2\/users\/1"}],"replies":[{"embeddable":true,"href":"https:\/\/agora.xtec.cat\/ceiprivorubeo\/wp-json\/wp\/v2\/comments?post=2780"}],"version-history":[{"count":1,"href":"https:\/\/agora.xtec.cat\/ceiprivorubeo\/wp-json\/wp\/v2\/posts\/2780\/revisions"}],"predecessor-version":[{"id":2781,"href":"https:\/\/agora.xtec.cat\/ceiprivorubeo\/wp-json\/wp\/v2\/posts\/2780\/revisions\/2781"}],"wp:attachment":[{"href":"https:\/\/agora.xtec.cat\/ceiprivorubeo\/wp-json\/wp\/v2\/media?parent=2780"}],"wp:term":[{"taxonomy":"category","embeddable":true,"href":"https:\/\/agora.xtec.cat\/ceiprivorubeo\/wp-json\/wp\/v2\/categories?post=2780"},{"taxonomy":"post_tag","embeddable":true,"href":"https:\/\/agora.xtec.cat\/ceiprivorubeo\/wp-json\/wp\/v2\/tags?post=2780"}],"curies":[{"name":"wp","href":"https:\/\/api.w.org\/{rel}","templated":true}]}}