{"id":2732,"date":"2023-04-28T17:50:08","date_gmt":"2023-04-28T15:50:08","guid":{"rendered":"https:\/\/agora.xtec.cat\/ceiprivorubeo\/?p=2732"},"modified":"2023-08-23T20:14:40","modified_gmt":"2023-08-23T18:14:40","slug":"potser-tinteressa-cataleg-ajudes-pua","status":"publish","type":"post","link":"https:\/\/agora.xtec.cat\/ceiprivorubeo\/general\/potser-tinteressa-cataleg-ajudes-pua\/","title":{"rendered":"Potser t&#8217;interessa: Cat\u00e0leg ajudes PUA"},"content":{"rendered":"<p>Benvolgudes fam\u00edlies,<\/p>\n<p>Ens han fet arribar el cat\u00e0leg d&#8217;ajudes PUA Aquest cat\u00e0leg presenta de manera sin\u00f2ptica els serveis i els productes de suport del Programa de prestacions socials de car\u00e0cter econ\u00f2mic amb dret de concurr\u00e8ncia d\u2019atenci\u00f3 social a persones amb discapacitat, establertes a les disposicions del Departament de Drets Socials pel que fa a la tipologia, les condicions d\u2019acc\u00e9s i les quanties m\u00e0ximes.<\/p>\n<p>Aquest Programa t\u00e9 per objecte facilitar els ajuts econ\u00f2mics necessaris per al desenvolupament de l\u2019autonomia personal de les persones amb discapacitat, f\u00edsica, ps\u00edquica o sensorial amb mesures compensat\u00f2ries per tal de millorar la seva qualitat de vida i fomentar la seva integraci\u00f3 social.<\/p>\n<p>En <a href=\"https:\/\/agora.xtec.cat\/ceiprivorubeo\/wp-content\/uploads\/usu2655\/2023\/04\/Cataleg-ajudes-PUA-2023.pdf\">Cataleg-ajudes-PUA-2023<\/a> podreu consultar el cat\u00e0leg, les considereacions generals, el funcionament de la sol\u00b7licitud.<\/p>\n<p>Les ajudes que s&#8217;hi publiquen son principalment per a:<\/p>\n<ul>\n<li>Ajudes a la mobilitat i transport.<\/li>\n<li>Ajudes per a l&#8217;autonomia personal i comunicaci\u00f3 (PS per a discapacitat visual, discapacitat auditiva, discapacitat f\u00edsica, intel\u00b7lectual o mental).<\/li>\n<\/ul>\n<p>Dins el mateix document trobareu els enlla\u00e7os per fer les sol\u00b7licituds en l\u00ednia.<\/p>\n","protected":false},"excerpt":{"rendered":"<p>Benvolgudes fam\u00edlies,<br \/>\nEns han fet arribar el cat\u00e0leg d&#8217;ajudes PUA Aquest cat\u00e0leg presenta de manera sin\u00f2ptica els serveis i els productes de suport del Programa de prestacions socials de car\u00e0cter econ\u00f2mic amb dret de concurr\u00e8ncia d\u2019atenci\u00f3 social a persones amb discapacitat, establertes a les disposicions del&hellip;  <a href=\"https:\/\/agora.xtec.cat\/ceiprivorubeo\/general\/potser-tinteressa-cataleg-ajudes-pua\/\" title=\"Read Potser t&#8217;interessa: Cat\u00e0leg ajudes PUA\">Llegeix m\u00e9s\u00bb<\/a><\/p>\n","protected":false},"author":1,"featured_media":992,"comment_status":"open","ping_status":"closed","sticky":false,"template":"","format":"standard","meta":{"_bbp_topic_count":0,"_bbp_reply_count":0,"_bbp_total_topic_count":0,"_bbp_total_reply_count":0,"_bbp_voice_count":0,"_bbp_anonymous_reply_count":0,"_bbp_topic_count_hidden":0,"_bbp_reply_count_hidden":0,"_bbp_forum_subforum_count":0,"footnotes":""},"categories":[1,86],"tags":[],"class_list":["post-2732","post","type-post","status-publish","format-standard","has-post-thumbnail","hentry","category-general","category-potser-tinteressa"],"post_mailing_queue_ids":[],"_links":{"self":[{"href":"https:\/\/agora.xtec.cat\/ceiprivorubeo\/wp-json\/wp\/v2\/posts\/2732","targetHints":{"allow":["GET"]}}],"collection":[{"href":"https:\/\/agora.xtec.cat\/ceiprivorubeo\/wp-json\/wp\/v2\/posts"}],"about":[{"href":"https:\/\/agora.xtec.cat\/ceiprivorubeo\/wp-json\/wp\/v2\/types\/post"}],"author":[{"embeddable":true,"href":"https:\/\/agora.xtec.cat\/ceiprivorubeo\/wp-json\/wp\/v2\/users\/1"}],"replies":[{"embeddable":true,"href":"https:\/\/agora.xtec.cat\/ceiprivorubeo\/wp-json\/wp\/v2\/comments?post=2732"}],"version-history":[{"count":1,"href":"https:\/\/agora.xtec.cat\/ceiprivorubeo\/wp-json\/wp\/v2\/posts\/2732\/revisions"}],"predecessor-version":[{"id":2734,"href":"https:\/\/agora.xtec.cat\/ceiprivorubeo\/wp-json\/wp\/v2\/posts\/2732\/revisions\/2734"}],"wp:featuredmedia":[{"embeddable":true,"href":"https:\/\/agora.xtec.cat\/ceiprivorubeo\/wp-json\/wp\/v2\/media\/992"}],"wp:attachment":[{"href":"https:\/\/agora.xtec.cat\/ceiprivorubeo\/wp-json\/wp\/v2\/media?parent=2732"}],"wp:term":[{"taxonomy":"category","embeddable":true,"href":"https:\/\/agora.xtec.cat\/ceiprivorubeo\/wp-json\/wp\/v2\/categories?post=2732"},{"taxonomy":"post_tag","embeddable":true,"href":"https:\/\/agora.xtec.cat\/ceiprivorubeo\/wp-json\/wp\/v2\/tags?post=2732"}],"curies":[{"name":"wp","href":"https:\/\/api.w.org\/{rel}","templated":true}]}}