{"id":2661,"date":"2023-04-14T17:02:37","date_gmt":"2023-04-14T15:02:37","guid":{"rendered":"https:\/\/agora.xtec.cat\/ceiprivorubeo\/?p=2661"},"modified":"2023-08-23T20:15:08","modified_gmt":"2023-08-23T18:15:08","slug":"torna-sant-jordi","status":"publish","type":"post","link":"https:\/\/agora.xtec.cat\/ceiprivorubeo\/butlleti\/informacions-publicades\/torna-sant-jordi\/","title":{"rendered":"Torna Sant Jordi!"},"content":{"rendered":"<p>El pr\u00f2xim divendres 21 d&#8217;abril celebrarem Sant Jordi a l&#8217;escola.<\/p>\n<p>Durant el dia es desenvoluparan diferents activitats per a tots els cicles.<\/p>\n<ul>\n<li>Les mestres de Petits i Mitjans representaran la llegenda de Sant Jordi al seu alumnat. Una representaci\u00f3 immersiva i plena de sorpreses!<\/li>\n<li>Les classes de 5\u00e8 han preparat el tradicional Recital Po\u00e8tic. L&#8217;alumnat recitar\u00e0 poemes relacionats amb la cura i respecte al medi ambient per les classes de 1r a 4t.<\/li>\n<li>Les classes de 6\u00e8 muntaran paradetes en les quals vendran llibres de segona m\u00e0 i artesania creada per l&#8217;alumnat.\n<ul>\n<li>L&#8217;alumnat de 2n a 6\u00e8 podr\u00e0 adquirir material de forma aut\u00f2noma. <strong>Rebreu un correu de la vostra tutora indicant l&#8217;import m\u00e0xim que pot portar l&#8217;infant.\u00a0<\/strong>Recordem, aix\u00f2 s\u00ed, que no \u00e9s obligatori i que cada fam\u00edlia pot pactar amb el seu fill\/a un altre import sempre que no superi el recomanat.<\/li>\n<\/ul>\n<\/li>\n<\/ul>\n<p><span style=\"text-decoration: underline;\"><strong>IMPORTANT!!! Aquell dia podeu recollir el vostre infant a partir de les 16h a la seva aula<\/strong><\/span> per tenir temps de badar i voltar a les paradetes que es posaran tant al pati de petits com a la pista. En el cas de prim\u00e0ria, a partir de les 16:30h la recollida de l&#8217;alumnat que quedi es far\u00e0 de forma habitual a la pista.<\/p>\n<p>A partir de les 16h, a m\u00e9s de les paradetes de sis\u00e8, les fam\u00edlies oferiran berenar (pa amb xocolata, caf\u00e8 i sucs), roses de llaminadura i es vendran els darrers n\u00fameros i es far\u00e0 el sorteig de la rifa de Sant Jordi.<\/p>\n","protected":false},"excerpt":{"rendered":"<p>El pr\u00f2xim divendres 21 d&#8217;abril celebrarem Sant Jordi a l&#8217;escola.<br \/>\nDurant el dia es desenvoluparan diferents activitats per a tots els cicles.<\/p>\n<ul>\n<li>Les mestres de Petits i Mitjans representaran la llegenda de Sant Jordi al seu alumnat. Una representaci\u00f3 immersiva i plena de sorpreses!<\/li>\n<li>Les classes de 5\u00e8&hellip;  <a href=\"https:\/\/agora.xtec.cat\/ceiprivorubeo\/butlleti\/informacions-publicades\/torna-sant-jordi\/\" title=\"Read Torna Sant Jordi!\">Llegeix m\u00e9s\u00bb<\/a><br \/>\n","protected":false},"author":1,"featured_media":2677,"comment_status":"open","ping_status":"closed","sticky":false,"template":"","format":"standard","meta":{"_bbp_topic_count":0,"_bbp_reply_count":0,"_bbp_total_topic_count":0,"_bbp_total_reply_count":0,"_bbp_voice_count":0,"_bbp_anonymous_reply_count":0,"_bbp_topic_count_hidden":0,"_bbp_reply_count_hidden":0,"_bbp_forum_subforum_count":0,"footnotes":""},"categories":[77],"tags":[],"class_list":["post-2661","post","type-post","status-publish","format-standard","has-post-thumbnail","hentry","category-informacions-publicades"],"post_mailing_queue_ids":[],"_links":{"self":[{"href":"https:\/\/agora.xtec.cat\/ceiprivorubeo\/wp-json\/wp\/v2\/posts\/2661","targetHints":{"allow":["GET"]}}],"collection":[{"href":"https:\/\/agora.xtec.cat\/ceiprivorubeo\/wp-json\/wp\/v2\/posts"}],"about":[{"href":"https:\/\/agora.xtec.cat\/ceiprivorubeo\/wp-json\/wp\/v2\/types\/post"}],"author":[{"embeddable":true,"href":"https:\/\/agora.xtec.cat\/ceiprivorubeo\/wp-json\/wp\/v2\/users\/1"}],"replies":[{"embeddable":true,"href":"https:\/\/agora.xtec.cat\/ceiprivorubeo\/wp-json\/wp\/v2\/comments?post=2661"}],"version-history":[{"count":3,"href":"https:\/\/agora.xtec.cat\/ceiprivorubeo\/wp-json\/wp\/v2\/posts\/2661\/revisions"}],"predecessor-version":[{"id":2685,"href":"https:\/\/agora.xtec.cat\/ceiprivorubeo\/wp-json\/wp\/v2\/posts\/2661\/revisions\/2685"}],"wp:featuredmedia":[{"embeddable":true,"href":"https:\/\/agora.xtec.cat\/ceiprivorubeo\/wp-json\/wp\/v2\/media\/2677"}],"wp:attachment":[{"href":"https:\/\/agora.xtec.cat\/ceiprivorubeo\/wp-json\/wp\/v2\/media?parent=2661"}],"wp:term":[{"taxonomy":"category","embeddable":true,"href":"https:\/\/agora.xtec.cat\/ceiprivorubeo\/wp-json\/wp\/v2\/categories?post=2661"},{"taxonomy":"post_tag","embeddable":true,"href":"https:\/\/agora.xtec.cat\/ceiprivorubeo\/wp-json\/wp\/v2\/tags?post=2661"}],"curies":[{"name":"wp","href":"https:\/\/api.w.org\/{rel}","templated":true}]}}