{"id":2609,"date":"2023-03-24T14:59:32","date_gmt":"2023-03-24T13:59:32","guid":{"rendered":"https:\/\/agora.xtec.cat\/ceiprivorubeo\/?p=2609"},"modified":"2023-08-23T20:06:33","modified_gmt":"2023-08-23T18:06:33","slug":"parlem-mes-de-la-mort","status":"publish","type":"post","link":"https:\/\/agora.xtec.cat\/ceiprivorubeo\/general\/parlem-mes-de-la-mort\/","title":{"rendered":"Parlem m\u00e9s de la mort"},"content":{"rendered":"<p>Quan sentim a les not\u00edcies una informaci\u00f3 sobre un accident en el qual hi ha morts, les morts s\u00f3n xifres.<\/p>\n<p>\u00c9s quan aquesta mort toca de prop que prenem consci\u00e8ncia que les morts tenien un nom, fam\u00edlia, una vida&#8230; I ens adonem que redu\u00efr-les a xifres ens fa allunyar-nos d&#8217;aquest fet fortu\u00eft.<\/p>\n<p>Com b\u00e9 deveu saber, aquesta setmana Rub\u00ed ha patit la p\u00e8rdua de tres persones en un incendi. Entre elles, una mestra de l&#8217;escola Maristes. Rub\u00ed \u00e9s prou petit com perqu\u00e8 uns o altres tingu\u00e9ssin contacte amb les v\u00edctimes o coneguin altres persones que han sentit molt de prop la seva p\u00e8rdua. Des de l&#8217;escola volem compartir el condol amb l&#8217;escola Maristes i les fam\u00edlies de les v\u00edctimes de l&#8217;incendi.<\/p>\n<p>Quan la mort \u00e9s un tema que arriba a les orelles dels nens i les nenes, quan arriben aquestes not\u00edcies, especialment quan s\u00f3n properes, els infants es fan preguntes. \u00c9s en aquests moments que, de sobte, com adults, hem de donar respostes de forma inesperada. Respostes que o b\u00e9 no sabem donar o b\u00e9 no volem donar per por al que pugui desencadenar en el nostre infant. Per\u00f2 \u00e9s important atendre aquestes preguntes, encara que no en tinguem les respostes.<\/p>\n<p>Parlar-ne \u00e9s preventiu, ens fa naturalitzar aquest fet i permet trencar amb tab\u00fas, apaivaga les inquietuds dels nens i les nenes.<\/p>\n<p>Aix\u00ed doncs, ens queda demanar-vos a les fam\u00edlies, que no apagueu les inquietuds que poden haver-se despertat en els vostres infants aquesta setmana. Escolteu-los, i si creieu que ho necessiteu, parleu amb l&#8217;escola o demaneu ajuda. Sabem que no \u00e9s f\u00e0cil, especialment si com adults no hem tingut la oportunitat de parlar-ne de forma natural. Potser perqu\u00e8 d&#8217;infants no vam tenir mai la oportunitat de parlar-ne, ja que la mort, encara ara, segueix sent un tema tab\u00fa.<\/p>\n<p>Altres vegades us hem compartit un article de Faros que sintetitza la manera de tractar la mort amb els infants. Per\u00f2 aquesta vegada hem trobat <a href=\"https:\/\/www.educat.cat\/blog\/com-ajudar-els-nens-a-entendre-la-mort\/\">aquest altre article<\/a> del bloc Educat, de Prisma Serveis Psicopedag\u00f2gics, que toca el tema d&#8217;una manera molt c\u00e0lida, respon moltes preguntes que us podeu fer relacionades amb aquest tema. Esperem que us agradi i us ajudi si creieu que ho necessiteu.<\/p>\n","protected":false},"excerpt":{"rendered":"<p>Quan sentim a les not\u00edcies una informaci\u00f3 sobre un accident en el qual hi ha morts, les morts s\u00f3n xifres.<br \/>\n\u00c9s quan aquesta mort toca de prop que prenem consci\u00e8ncia que les morts tenien un nom, fam\u00edlia, una vida&#8230; I ens adonem que redu\u00efr-les a xifres&hellip;  <a href=\"https:\/\/agora.xtec.cat\/ceiprivorubeo\/general\/parlem-mes-de-la-mort\/\" title=\"Read Parlem m\u00e9s de la mort\">Llegeix m\u00e9s\u00bb<\/a><\/p>\n","protected":false},"author":1,"featured_media":2615,"comment_status":"open","ping_status":"closed","sticky":false,"template":"","format":"standard","meta":{"_bbp_topic_count":0,"_bbp_reply_count":0,"_bbp_total_topic_count":0,"_bbp_total_reply_count":0,"_bbp_voice_count":0,"_bbp_anonymous_reply_count":0,"_bbp_topic_count_hidden":0,"_bbp_reply_count_hidden":0,"_bbp_forum_subforum_count":0,"footnotes":""},"categories":[1,77],"tags":[],"class_list":["post-2609","post","type-post","status-publish","format-standard","has-post-thumbnail","hentry","category-general","category-informacions-publicades"],"post_mailing_queue_ids":[],"_links":{"self":[{"href":"https:\/\/agora.xtec.cat\/ceiprivorubeo\/wp-json\/wp\/v2\/posts\/2609","targetHints":{"allow":["GET"]}}],"collection":[{"href":"https:\/\/agora.xtec.cat\/ceiprivorubeo\/wp-json\/wp\/v2\/posts"}],"about":[{"href":"https:\/\/agora.xtec.cat\/ceiprivorubeo\/wp-json\/wp\/v2\/types\/post"}],"author":[{"embeddable":true,"href":"https:\/\/agora.xtec.cat\/ceiprivorubeo\/wp-json\/wp\/v2\/users\/1"}],"replies":[{"embeddable":true,"href":"https:\/\/agora.xtec.cat\/ceiprivorubeo\/wp-json\/wp\/v2\/comments?post=2609"}],"version-history":[{"count":3,"href":"https:\/\/agora.xtec.cat\/ceiprivorubeo\/wp-json\/wp\/v2\/posts\/2609\/revisions"}],"predecessor-version":[{"id":2618,"href":"https:\/\/agora.xtec.cat\/ceiprivorubeo\/wp-json\/wp\/v2\/posts\/2609\/revisions\/2618"}],"wp:featuredmedia":[{"embeddable":true,"href":"https:\/\/agora.xtec.cat\/ceiprivorubeo\/wp-json\/wp\/v2\/media\/2615"}],"wp:attachment":[{"href":"https:\/\/agora.xtec.cat\/ceiprivorubeo\/wp-json\/wp\/v2\/media?parent=2609"}],"wp:term":[{"taxonomy":"category","embeddable":true,"href":"https:\/\/agora.xtec.cat\/ceiprivorubeo\/wp-json\/wp\/v2\/categories?post=2609"},{"taxonomy":"post_tag","embeddable":true,"href":"https:\/\/agora.xtec.cat\/ceiprivorubeo\/wp-json\/wp\/v2\/tags?post=2609"}],"curies":[{"name":"wp","href":"https:\/\/api.w.org\/{rel}","templated":true}]}}