{"id":2596,"date":"2023-03-17T09:29:25","date_gmt":"2023-03-17T08:29:25","guid":{"rendered":"https:\/\/agora.xtec.cat\/ceiprivorubeo\/?p=2596"},"modified":"2023-08-23T20:19:26","modified_gmt":"2023-08-23T18:19:26","slug":"llenca-els-teus-cartutxos-dimpressora-a-lescola","status":"publish","type":"post","link":"https:\/\/agora.xtec.cat\/ceiprivorubeo\/general\/llenca-els-teus-cartutxos-dimpressora-a-lescola\/","title":{"rendered":"Llen\u00e7a els teus cartutxos d&#8217;impressora a l&#8217;escola!"},"content":{"rendered":"<p>Benvolgudes fam\u00edlies,<\/p>\n<p>A l&#8217;escola tenim un nou contenidor per als cartutxos d&#8217;impressora buits. No els llenceu al contenidor d&#8217;escombraries, els podeu portar a l&#8217;escola per poder donar-los una segona vida amb <a href=\"https:\/\/agora.xtec.cat\/ceiprivorubeo\/wp-content\/uploads\/usu2655\/2023\/03\/FBO_PRESENTACIO\u0301_CATALA\u0300_VF_compressed.pdf\">FBO<\/a>.<\/p>\n<p>El contenidor est\u00e0 ubicat a consergeria. En la mesura del possible, els cartutxos han d&#8217;anar sense cap tipus d&#8217;embalatge, ni bosses de pl\u00e0stic ni caixa de cartr\u00f3, nom\u00e9s el cartutx o t\u00f2ner.<\/p>\n<p><strong>Penseu que cuidar del medi ambient \u00e9s responsabilitat de tothom.<\/strong><\/p>\n<p><a href=\"https:\/\/agora.xtec.cat\/ceiprivorubeo\/wp-content\/uploads\/usu2655\/2023\/03\/Poster-sin-cartuchos.png\"><img loading=\"lazy\" decoding=\"async\" class=\"alignnone size-large wp-image-2598\" src=\"https:\/\/agora.xtec.cat\/ceiprivorubeo\/wp-content\/uploads\/usu2655\/2023\/03\/Poster-sin-cartuchos-484x1024.png\" alt=\"\" width=\"484\" height=\"1024\" srcset=\"https:\/\/agora.xtec.cat\/ceiprivorubeo\/wp-content\/uploads\/usu2655\/2023\/03\/Poster-sin-cartuchos-484x1024.png 484w, https:\/\/agora.xtec.cat\/ceiprivorubeo\/wp-content\/uploads\/usu2655\/2023\/03\/Poster-sin-cartuchos-142x300.png 142w, https:\/\/agora.xtec.cat\/ceiprivorubeo\/wp-content\/uploads\/usu2655\/2023\/03\/Poster-sin-cartuchos-768x1624.png 768w, https:\/\/agora.xtec.cat\/ceiprivorubeo\/wp-content\/uploads\/usu2655\/2023\/03\/Poster-sin-cartuchos-726x1536.png 726w, https:\/\/agora.xtec.cat\/ceiprivorubeo\/wp-content\/uploads\/usu2655\/2023\/03\/Poster-sin-cartuchos-968x2048.png 968w, https:\/\/agora.xtec.cat\/ceiprivorubeo\/wp-content\/uploads\/usu2655\/2023\/03\/Poster-sin-cartuchos.png 990w\" sizes=\"auto, (max-width: 484px) 100vw, 484px\" \/><\/a><\/p>\n<p>&nbsp;<\/p>\n","protected":false},"excerpt":{"rendered":"<p>Benvolgudes fam\u00edlies,<br \/>\nA l&#8217;escola tenim un nou contenidor per als cartutxos d&#8217;impressora buits. No els llenceu al contenidor d&#8217;escombraries, els podeu portar a l&#8217;escola per poder donar-los una segona vida amb <a href=\"https:\/\/agora.xtec.cat\/ceiprivorubeo\/wp-content\/uploads\/usu2655\/2023\/03\/FBO_PRESENTACIO\u0301_CATALA\u0300_VF_compressed.pdf\">FBO<\/a>.<br \/>\nEl contenidor est\u00e0 ubicat a consergeria. En la mesura del possible, els cartutxos han&hellip;  <a href=\"https:\/\/agora.xtec.cat\/ceiprivorubeo\/general\/llenca-els-teus-cartutxos-dimpressora-a-lescola\/\" title=\"Read Llen\u00e7a els teus cartutxos d&#8217;impressora a l&#8217;escola!\">Llegeix m\u00e9s\u00bb<\/a><\/p>\n","protected":false},"author":1,"featured_media":2598,"comment_status":"open","ping_status":"closed","sticky":false,"template":"","format":"standard","meta":{"_bbp_topic_count":0,"_bbp_reply_count":0,"_bbp_total_topic_count":0,"_bbp_total_reply_count":0,"_bbp_voice_count":0,"_bbp_anonymous_reply_count":0,"_bbp_topic_count_hidden":0,"_bbp_reply_count_hidden":0,"_bbp_forum_subforum_count":0,"footnotes":""},"categories":[1,77],"tags":[],"class_list":["post-2596","post","type-post","status-publish","format-standard","has-post-thumbnail","hentry","category-general","category-informacions-publicades"],"post_mailing_queue_ids":[],"_links":{"self":[{"href":"https:\/\/agora.xtec.cat\/ceiprivorubeo\/wp-json\/wp\/v2\/posts\/2596","targetHints":{"allow":["GET"]}}],"collection":[{"href":"https:\/\/agora.xtec.cat\/ceiprivorubeo\/wp-json\/wp\/v2\/posts"}],"about":[{"href":"https:\/\/agora.xtec.cat\/ceiprivorubeo\/wp-json\/wp\/v2\/types\/post"}],"author":[{"embeddable":true,"href":"https:\/\/agora.xtec.cat\/ceiprivorubeo\/wp-json\/wp\/v2\/users\/1"}],"replies":[{"embeddable":true,"href":"https:\/\/agora.xtec.cat\/ceiprivorubeo\/wp-json\/wp\/v2\/comments?post=2596"}],"version-history":[{"count":1,"href":"https:\/\/agora.xtec.cat\/ceiprivorubeo\/wp-json\/wp\/v2\/posts\/2596\/revisions"}],"predecessor-version":[{"id":2600,"href":"https:\/\/agora.xtec.cat\/ceiprivorubeo\/wp-json\/wp\/v2\/posts\/2596\/revisions\/2600"}],"wp:featuredmedia":[{"embeddable":true,"href":"https:\/\/agora.xtec.cat\/ceiprivorubeo\/wp-json\/wp\/v2\/media\/2598"}],"wp:attachment":[{"href":"https:\/\/agora.xtec.cat\/ceiprivorubeo\/wp-json\/wp\/v2\/media?parent=2596"}],"wp:term":[{"taxonomy":"category","embeddable":true,"href":"https:\/\/agora.xtec.cat\/ceiprivorubeo\/wp-json\/wp\/v2\/categories?post=2596"},{"taxonomy":"post_tag","embeddable":true,"href":"https:\/\/agora.xtec.cat\/ceiprivorubeo\/wp-json\/wp\/v2\/tags?post=2596"}],"curies":[{"name":"wp","href":"https:\/\/api.w.org\/{rel}","templated":true}]}}