{"id":2583,"date":"2023-03-17T13:00:05","date_gmt":"2023-03-17T12:00:05","guid":{"rendered":"https:\/\/agora.xtec.cat\/ceiprivorubeo\/?p=2583"},"modified":"2023-03-17T13:00:05","modified_gmt":"2023-03-17T12:00:05","slug":"riuada-del-62","status":"publish","type":"post","link":"https:\/\/agora.xtec.cat\/ceiprivorubeo\/primaria\/grans\/5e\/riuada-del-62\/","title":{"rendered":"RIUADA DEL 62"},"content":{"rendered":"<p>Continuem preparant la cantata!<\/p>\n<p>Ja fa unes setmanes que estem preparant l&#8217;activitat de la cantata amb molta il\u00b7lusi\u00f3, la qual ser\u00e0 el divendres vinent 24 de mar\u00e7. Aquest any el tema de les can\u00e7ons est\u00e0 dirigit a la Riuada del 62 i, per tant, \u00e9s interessant que l&#8217;alumnat conegui una mica tot all\u00f2 que va passar en eixa \u00e8poca.<\/p>\n<p>Per aquest motiu, el passat dimecres 15 de mar\u00e7, els i les alumnes de quart vam anar a la biblioteca de Rub\u00ed. All\u00ed hi havia tota una exposici\u00f3 de la &#8220;Riuada del 62&#8221; amb fotos, textos i explicacions com: La immigraci\u00f3 dels anys 50, els efectes que va tenir la riuada, les v\u00edctimes que van haver-hi, les p\u00e8rdues materials que va podru\u00efr, i la solidaritat mutilada que va deixar.<\/p>\n<p>El Jaume Parras ens van explicar tot el que va passar en aquell moment, des d&#8217;una perspectiva hist\u00f2rica i social del que va ser una cat\u00e0strofe per al Vall\u00e8s i per a totes les persones que ho van viure en primera persona. Va ser una exposici\u00f3 molt interessant on tots vam aprendre molt.<br \/>\nAra ja coneguem una mica m\u00e9s sobre aquest tema!!<\/p>\n<p>Aqu\u00ed us deixem una foto on el Jaume Parras est\u00e0 mostrant l&#8217;exposici\u00f3 i fent una explicaci\u00f3 sobre tot all\u00f2 que va passar. <a href=\"https:\/\/agora.xtec.cat\/ceiprivorubeo\/wp-content\/uploads\/usu2655\/2023\/03\/IMG-20230315-WA0010.jpg\"><img loading=\"lazy\" decoding=\"async\" class=\"alignnone size-large wp-image-2584\" src=\"https:\/\/agora.xtec.cat\/ceiprivorubeo\/wp-content\/uploads\/usu2655\/2023\/03\/IMG-20230315-WA0010-1024x577.jpg\" alt=\"\" width=\"1024\" height=\"577\" srcset=\"https:\/\/agora.xtec.cat\/ceiprivorubeo\/wp-content\/uploads\/usu2655\/2023\/03\/IMG-20230315-WA0010-1024x577.jpg 1024w, https:\/\/agora.xtec.cat\/ceiprivorubeo\/wp-content\/uploads\/usu2655\/2023\/03\/IMG-20230315-WA0010-300x169.jpg 300w, https:\/\/agora.xtec.cat\/ceiprivorubeo\/wp-content\/uploads\/usu2655\/2023\/03\/IMG-20230315-WA0010-768x432.jpg 768w, https:\/\/agora.xtec.cat\/ceiprivorubeo\/wp-content\/uploads\/usu2655\/2023\/03\/IMG-20230315-WA0010-1536x865.jpg 1536w, https:\/\/agora.xtec.cat\/ceiprivorubeo\/wp-content\/uploads\/usu2655\/2023\/03\/IMG-20230315-WA0010.jpg 1600w\" sizes=\"auto, (max-width: 1024px) 100vw, 1024px\" \/><\/a><\/p>\n","protected":false},"excerpt":{"rendered":"<p>Continuem preparant la cantata!<br \/>\nJa fa unes setmanes que estem preparant l&#8217;activitat de la cantata amb molta il\u00b7lusi\u00f3, la qual ser\u00e0 el divendres vinent 24 de mar\u00e7. Aquest any el tema de les can\u00e7ons est\u00e0 dirigit a la Riuada del 62 i, per tant, \u00e9s interessant&hellip;  <a href=\"https:\/\/agora.xtec.cat\/ceiprivorubeo\/primaria\/grans\/5e\/riuada-del-62\/\" title=\"Read RIUADA DEL 62\">Llegeix m\u00e9s\u00bb<\/a><\/p>\n","protected":false},"author":18,"featured_media":0,"comment_status":"open","ping_status":"closed","sticky":false,"template":"","format":"standard","meta":{"_bbp_topic_count":0,"_bbp_reply_count":0,"_bbp_total_topic_count":0,"_bbp_total_reply_count":0,"_bbp_voice_count":0,"_bbp_anonymous_reply_count":0,"_bbp_topic_count_hidden":0,"_bbp_reply_count_hidden":0,"_bbp_forum_subforum_count":0,"footnotes":""},"categories":[13],"tags":[],"class_list":["post-2583","post","type-post","status-publish","format-standard","hentry","category-5e"],"post_mailing_queue_ids":[],"_links":{"self":[{"href":"https:\/\/agora.xtec.cat\/ceiprivorubeo\/wp-json\/wp\/v2\/posts\/2583","targetHints":{"allow":["GET"]}}],"collection":[{"href":"https:\/\/agora.xtec.cat\/ceiprivorubeo\/wp-json\/wp\/v2\/posts"}],"about":[{"href":"https:\/\/agora.xtec.cat\/ceiprivorubeo\/wp-json\/wp\/v2\/types\/post"}],"author":[{"embeddable":true,"href":"https:\/\/agora.xtec.cat\/ceiprivorubeo\/wp-json\/wp\/v2\/users\/18"}],"replies":[{"embeddable":true,"href":"https:\/\/agora.xtec.cat\/ceiprivorubeo\/wp-json\/wp\/v2\/comments?post=2583"}],"version-history":[{"count":2,"href":"https:\/\/agora.xtec.cat\/ceiprivorubeo\/wp-json\/wp\/v2\/posts\/2583\/revisions"}],"predecessor-version":[{"id":2589,"href":"https:\/\/agora.xtec.cat\/ceiprivorubeo\/wp-json\/wp\/v2\/posts\/2583\/revisions\/2589"}],"wp:attachment":[{"href":"https:\/\/agora.xtec.cat\/ceiprivorubeo\/wp-json\/wp\/v2\/media?parent=2583"}],"wp:term":[{"taxonomy":"category","embeddable":true,"href":"https:\/\/agora.xtec.cat\/ceiprivorubeo\/wp-json\/wp\/v2\/categories?post=2583"},{"taxonomy":"post_tag","embeddable":true,"href":"https:\/\/agora.xtec.cat\/ceiprivorubeo\/wp-json\/wp\/v2\/tags?post=2583"}],"curies":[{"name":"wp","href":"https:\/\/api.w.org\/{rel}","templated":true}]}}