{"id":2572,"date":"2023-03-10T14:31:39","date_gmt":"2023-03-10T13:31:39","guid":{"rendered":"https:\/\/agora.xtec.cat\/ceiprivorubeo\/?p=2572"},"modified":"2023-08-23T20:15:24","modified_gmt":"2023-08-23T18:15:24","slug":"recordatori-13-marc-festiu","status":"publish","type":"post","link":"https:\/\/agora.xtec.cat\/ceiprivorubeo\/butlleti\/informacions-publicades\/recordatori-13-marc-festiu\/","title":{"rendered":"Recordatori 13 mar\u00e7 festiu"},"content":{"rendered":"<p>Us recordem que el proper dilluns 13 de mar\u00e7 \u00e9s festiu de lliure disposici\u00f3 i que l&#8217;escola estar\u00e0 tancada.<\/p>\n","protected":false},"excerpt":{"rendered":"<p>Us recordem que el proper dilluns 13 de mar\u00e7 \u00e9s festiu de lliure disposici\u00f3 i que l&#8217;escola estar\u00e0 tancada.<\/p>\n","protected":false},"author":1,"featured_media":1024,"comment_status":"open","ping_status":"closed","sticky":false,"template":"","format":"standard","meta":{"_bbp_topic_count":0,"_bbp_reply_count":0,"_bbp_total_topic_count":0,"_bbp_total_reply_count":0,"_bbp_voice_count":0,"_bbp_anonymous_reply_count":0,"_bbp_topic_count_hidden":0,"_bbp_reply_count_hidden":0,"_bbp_forum_subforum_count":0,"footnotes":""},"categories":[77],"tags":[],"class_list":["post-2572","post","type-post","status-publish","format-standard","has-post-thumbnail","hentry","category-informacions-publicades"],"post_mailing_queue_ids":[],"_links":{"self":[{"href":"https:\/\/agora.xtec.cat\/ceiprivorubeo\/wp-json\/wp\/v2\/posts\/2572","targetHints":{"allow":["GET"]}}],"collection":[{"href":"https:\/\/agora.xtec.cat\/ceiprivorubeo\/wp-json\/wp\/v2\/posts"}],"about":[{"href":"https:\/\/agora.xtec.cat\/ceiprivorubeo\/wp-json\/wp\/v2\/types\/post"}],"author":[{"embeddable":true,"href":"https:\/\/agora.xtec.cat\/ceiprivorubeo\/wp-json\/wp\/v2\/users\/1"}],"replies":[{"embeddable":true,"href":"https:\/\/agora.xtec.cat\/ceiprivorubeo\/wp-json\/wp\/v2\/comments?post=2572"}],"version-history":[{"count":1,"href":"https:\/\/agora.xtec.cat\/ceiprivorubeo\/wp-json\/wp\/v2\/posts\/2572\/revisions"}],"predecessor-version":[{"id":2573,"href":"https:\/\/agora.xtec.cat\/ceiprivorubeo\/wp-json\/wp\/v2\/posts\/2572\/revisions\/2573"}],"wp:featuredmedia":[{"embeddable":true,"href":"https:\/\/agora.xtec.cat\/ceiprivorubeo\/wp-json\/wp\/v2\/media\/1024"}],"wp:attachment":[{"href":"https:\/\/agora.xtec.cat\/ceiprivorubeo\/wp-json\/wp\/v2\/media?parent=2572"}],"wp:term":[{"taxonomy":"category","embeddable":true,"href":"https:\/\/agora.xtec.cat\/ceiprivorubeo\/wp-json\/wp\/v2\/categories?post=2572"},{"taxonomy":"post_tag","embeddable":true,"href":"https:\/\/agora.xtec.cat\/ceiprivorubeo\/wp-json\/wp\/v2\/tags?post=2572"}],"curies":[{"name":"wp","href":"https:\/\/api.w.org\/{rel}","templated":true}]}}