{"id":2563,"date":"2023-03-10T13:47:47","date_gmt":"2023-03-10T12:47:47","guid":{"rendered":"https:\/\/agora.xtec.cat\/ceiprivorubeo\/?p=2563"},"modified":"2023-08-23T20:15:32","modified_gmt":"2023-08-23T18:15:32","slug":"proces-de-seleccio-nova-direccio-de-lescola","status":"publish","type":"post","link":"https:\/\/agora.xtec.cat\/ceiprivorubeo\/butlleti\/informacions-publicades\/proces-de-seleccio-nova-direccio-de-lescola\/","title":{"rendered":"Proc\u00e9s de selecci\u00f3 nova direcci\u00f3 de l&#8217;escola"},"content":{"rendered":"<p>Us informem que s&#8217;ha publicat la resoluci\u00f3 que recull les persones admeses i excloses a la participaci\u00f3 del concurs de m\u00e8rits per a seleccionar el director o directora dels centres p\u00fablics del Vall\u00e8s occidental.<\/p>\n<p>En el cas de la nostra escola, com ja es va informar, la Cristina Martinez Zamorano, actual directora en funcions \u00e9s qui es presenta com a nova directora de l&#8217;escola i queda admesa en aquesta resoluci\u00f3, que es pot consultar en aquest enlla\u00e7.\u00a0<a href=\"https:\/\/agora.xtec.cat\/ceiprivorubeo\/wp-content\/uploads\/usu2655\/2023\/03\/resolucio_llista_aspirants_admesos_i_exclosos_voc_amb_annex_signed_CA.pdf\">Resolucio llista aspirants admesos i exclosos<\/a><\/p>\n<p>Aquesta publicaci\u00f3 forma part del proc\u00e9s de selecci\u00f3 de la nova direcci\u00f3 del centre.<\/p>\n<p>Aix\u00ed mateix us informem que la setmana vinent quedar\u00e0 conformada la comissi\u00f3 de selecci\u00f3 del projecte. Aquesta comissi\u00f3 est\u00e0 formada per tres representants de l&#8217;administraci\u00f3 (inspector\/a, un director o directora en actiu d&#8217;un altre centre de Rub\u00ed, i una representant de l&#8217;Ajuntament), a m\u00e9s de tres docents del claustre de l&#8217;escola elegits per votaci\u00f3 en claustre i tres membres del consell escolar que no formin part del professorat.<\/p>\n<p>En les properes setmanes, la comissi\u00f3 tindr\u00e0 la tasca de validar els m\u00e8rits presentats per la Cristina i, m\u00e9s endavant, valorar i validar el seu projecte de direcci\u00f3 per la nostra escola.<\/p>\n<p>Molts encerts!<\/p>\n","protected":false},"excerpt":{"rendered":"<p>Us informem que s&#8217;ha publicat la resoluci\u00f3 que recull les persones admeses i excloses a la participaci\u00f3 del concurs de m\u00e8rits per a seleccionar el director o directora dels centres p\u00fablics del Vall\u00e8s occidental.<br \/>\nEn el cas de la nostra escola, com ja es va informar,&hellip;  <a href=\"https:\/\/agora.xtec.cat\/ceiprivorubeo\/butlleti\/informacions-publicades\/proces-de-seleccio-nova-direccio-de-lescola\/\" title=\"Read Proc\u00e9s de selecci\u00f3 nova direcci\u00f3 de l&#8217;escola\">Llegeix m\u00e9s\u00bb<\/a><\/p>\n","protected":false},"author":1,"featured_media":2565,"comment_status":"open","ping_status":"closed","sticky":false,"template":"","format":"standard","meta":{"_bbp_topic_count":0,"_bbp_reply_count":0,"_bbp_total_topic_count":0,"_bbp_total_reply_count":0,"_bbp_voice_count":0,"_bbp_anonymous_reply_count":0,"_bbp_topic_count_hidden":0,"_bbp_reply_count_hidden":0,"_bbp_forum_subforum_count":0,"footnotes":""},"categories":[77],"tags":[],"class_list":["post-2563","post","type-post","status-publish","format-standard","has-post-thumbnail","hentry","category-informacions-publicades"],"post_mailing_queue_ids":[],"_links":{"self":[{"href":"https:\/\/agora.xtec.cat\/ceiprivorubeo\/wp-json\/wp\/v2\/posts\/2563","targetHints":{"allow":["GET"]}}],"collection":[{"href":"https:\/\/agora.xtec.cat\/ceiprivorubeo\/wp-json\/wp\/v2\/posts"}],"about":[{"href":"https:\/\/agora.xtec.cat\/ceiprivorubeo\/wp-json\/wp\/v2\/types\/post"}],"author":[{"embeddable":true,"href":"https:\/\/agora.xtec.cat\/ceiprivorubeo\/wp-json\/wp\/v2\/users\/1"}],"replies":[{"embeddable":true,"href":"https:\/\/agora.xtec.cat\/ceiprivorubeo\/wp-json\/wp\/v2\/comments?post=2563"}],"version-history":[{"count":1,"href":"https:\/\/agora.xtec.cat\/ceiprivorubeo\/wp-json\/wp\/v2\/posts\/2563\/revisions"}],"predecessor-version":[{"id":2566,"href":"https:\/\/agora.xtec.cat\/ceiprivorubeo\/wp-json\/wp\/v2\/posts\/2563\/revisions\/2566"}],"wp:featuredmedia":[{"embeddable":true,"href":"https:\/\/agora.xtec.cat\/ceiprivorubeo\/wp-json\/wp\/v2\/media\/2565"}],"wp:attachment":[{"href":"https:\/\/agora.xtec.cat\/ceiprivorubeo\/wp-json\/wp\/v2\/media?parent=2563"}],"wp:term":[{"taxonomy":"category","embeddable":true,"href":"https:\/\/agora.xtec.cat\/ceiprivorubeo\/wp-json\/wp\/v2\/categories?post=2563"},{"taxonomy":"post_tag","embeddable":true,"href":"https:\/\/agora.xtec.cat\/ceiprivorubeo\/wp-json\/wp\/v2\/tags?post=2563"}],"curies":[{"name":"wp","href":"https:\/\/api.w.org\/{rel}","templated":true}]}}