{"id":2543,"date":"2023-03-09T08:39:03","date_gmt":"2023-03-09T07:39:03","guid":{"rendered":"https:\/\/agora.xtec.cat\/ceiprivorubeo\/?p=2543"},"modified":"2023-08-23T20:06:51","modified_gmt":"2023-08-23T18:06:51","slug":"rap-8m","status":"publish","type":"post","link":"https:\/\/agora.xtec.cat\/ceiprivorubeo\/primaria\/grans\/promocio-2014-2023\/rap-8m\/","title":{"rendered":"Rap 8M"},"content":{"rendered":"<p>Avui compartim amb vosaltres un rap que van crear els nens i nenes de 6\u00e8 en relaci\u00f3 amb la celebraci\u00f3 del dia de la dona, escrivint frases per reivindicar la igualtat per tothom.<\/p>\n<p>Us deixem una mostra d&#8217;algun tros de les lletres i les <strong><a href=\"https:\/\/drive.google.com\/drive\/folders\/1lQtyCbBPUVnU6Hi-pvaSN2sgilEiCSvT?usp=drive_link\">can\u00e7ons interpretades per ells\/es<\/a>. <\/strong>Esperem que us agradi.<\/p>\n<p>&nbsp;<\/p>\n<p><a href=\"https:\/\/agora.xtec.cat\/ceiprivorubeo\/wp-content\/uploads\/usu2655\/2023\/03\/lletra-8M.jpg\"><img loading=\"lazy\" decoding=\"async\" class=\"alignnone size-full wp-image-2544\" src=\"https:\/\/agora.xtec.cat\/ceiprivorubeo\/wp-content\/uploads\/usu2655\/2023\/03\/lletra-8M.jpg\" alt=\"\" width=\"983\" height=\"547\" srcset=\"https:\/\/agora.xtec.cat\/ceiprivorubeo\/wp-content\/uploads\/usu2655\/2023\/03\/lletra-8M.jpg 983w, https:\/\/agora.xtec.cat\/ceiprivorubeo\/wp-content\/uploads\/usu2655\/2023\/03\/lletra-8M-300x167.jpg 300w, https:\/\/agora.xtec.cat\/ceiprivorubeo\/wp-content\/uploads\/usu2655\/2023\/03\/lletra-8M-768x427.jpg 768w\" sizes=\"auto, (max-width: 983px) 100vw, 983px\" \/><\/a><\/p>\n<p><a href=\"https:\/\/agora.xtec.cat\/ceiprivorubeo\/wp-content\/uploads\/usu2655\/2023\/03\/8M.jpg\"><img loading=\"lazy\" decoding=\"async\" class=\"alignnone size-large wp-image-2548\" src=\"https:\/\/agora.xtec.cat\/ceiprivorubeo\/wp-content\/uploads\/usu2655\/2023\/03\/8M-1024x576.jpg\" alt=\"\" width=\"1024\" height=\"576\" srcset=\"https:\/\/agora.xtec.cat\/ceiprivorubeo\/wp-content\/uploads\/usu2655\/2023\/03\/8M-1024x576.jpg 1024w, https:\/\/agora.xtec.cat\/ceiprivorubeo\/wp-content\/uploads\/usu2655\/2023\/03\/8M-300x169.jpg 300w, https:\/\/agora.xtec.cat\/ceiprivorubeo\/wp-content\/uploads\/usu2655\/2023\/03\/8M-768x432.jpg 768w, https:\/\/agora.xtec.cat\/ceiprivorubeo\/wp-content\/uploads\/usu2655\/2023\/03\/8M-1536x864.jpg 1536w, https:\/\/agora.xtec.cat\/ceiprivorubeo\/wp-content\/uploads\/usu2655\/2023\/03\/8M.jpg 1920w\" sizes=\"auto, (max-width: 1024px) 100vw, 1024px\" \/><\/a><\/p>\n","protected":false},"excerpt":{"rendered":"<p>Avui compartim amb vosaltres un rap que van crear els nens i nenes de 6\u00e8 en relaci\u00f3 amb la celebraci\u00f3 del dia de la dona, escrivint frases per reivindicar la igualtat per tothom.<br \/>\nUs deixem una mostra d&#8217;algun tros de les lletres i les <a href=\"https:\/\/drive.google.com\/drive\/folders\/1lQtyCbBPUVnU6Hi-pvaSN2sgilEiCSvT?usp=drive_link\">can\u00e7ons&hellip;  <a href=\"https:\/\/agora.xtec.cat\/ceiprivorubeo\/primaria\/grans\/promocio-2014-2023\/rap-8m\/\" title=\"Read Rap 8M\">Llegeix m\u00e9s\u00bb<\/a><\/p>\n","protected":false},"author":21,"featured_media":2544,"comment_status":"open","ping_status":"closed","sticky":false,"template":"","format":"standard","meta":{"_bbp_topic_count":0,"_bbp_reply_count":0,"_bbp_total_topic_count":0,"_bbp_total_reply_count":0,"_bbp_voice_count":0,"_bbp_anonymous_reply_count":0,"_bbp_topic_count_hidden":0,"_bbp_reply_count_hidden":0,"_bbp_forum_subforum_count":0,"footnotes":""},"categories":[77,88,15],"tags":[],"class_list":["post-2543","post","type-post","status-publish","format-standard","has-post-thumbnail","hentry","category-informacions-publicades","category-musica","category-promocio-2014-2023"],"post_mailing_queue_ids":[],"_links":{"self":[{"href":"https:\/\/agora.xtec.cat\/ceiprivorubeo\/wp-json\/wp\/v2\/posts\/2543","targetHints":{"allow":["GET"]}}],"collection":[{"href":"https:\/\/agora.xtec.cat\/ceiprivorubeo\/wp-json\/wp\/v2\/posts"}],"about":[{"href":"https:\/\/agora.xtec.cat\/ceiprivorubeo\/wp-json\/wp\/v2\/types\/post"}],"author":[{"embeddable":true,"href":"https:\/\/agora.xtec.cat\/ceiprivorubeo\/wp-json\/wp\/v2\/users\/21"}],"replies":[{"embeddable":true,"href":"https:\/\/agora.xtec.cat\/ceiprivorubeo\/wp-json\/wp\/v2\/comments?post=2543"}],"version-history":[{"count":3,"href":"https:\/\/agora.xtec.cat\/ceiprivorubeo\/wp-json\/wp\/v2\/posts\/2543\/revisions"}],"predecessor-version":[{"id":2950,"href":"https:\/\/agora.xtec.cat\/ceiprivorubeo\/wp-json\/wp\/v2\/posts\/2543\/revisions\/2950"}],"wp:featuredmedia":[{"embeddable":true,"href":"https:\/\/agora.xtec.cat\/ceiprivorubeo\/wp-json\/wp\/v2\/media\/2544"}],"wp:attachment":[{"href":"https:\/\/agora.xtec.cat\/ceiprivorubeo\/wp-json\/wp\/v2\/media?parent=2543"}],"wp:term":[{"taxonomy":"category","embeddable":true,"href":"https:\/\/agora.xtec.cat\/ceiprivorubeo\/wp-json\/wp\/v2\/categories?post=2543"},{"taxonomy":"post_tag","embeddable":true,"href":"https:\/\/agora.xtec.cat\/ceiprivorubeo\/wp-json\/wp\/v2\/tags?post=2543"}],"curies":[{"name":"wp","href":"https:\/\/api.w.org\/{rel}","templated":true}]}}