{"id":2469,"date":"2023-02-24T16:04:13","date_gmt":"2023-02-24T15:04:13","guid":{"rendered":"https:\/\/agora.xtec.cat\/ceiprivorubeo\/?p=2469"},"modified":"2023-08-23T20:16:14","modified_gmt":"2023-08-23T18:16:14","slug":"preinscripcio-informat-abans","status":"publish","type":"post","link":"https:\/\/agora.xtec.cat\/ceiprivorubeo\/general\/preinscripcio-informat-abans\/","title":{"rendered":"Preinscripci\u00f3: Informa&#8217;t abans"},"content":{"rendered":"<p>El Departament d&#8217;Educaci\u00f3 ha publicat tota la informaci\u00f3 sobre la preinscripci\u00f3 per al proper curs 2023-2024.<\/p>\n<p>A la web <a href=\"https:\/\/preinscripcio.gencat.cat\/\">preinscripcio.gencat.cat\/<\/a> s&#8217;anir\u00e0 actualitzant tota la informaci\u00f3 relacionada amb la preinscripci\u00f3 i matr\u00edcula.<\/p>\n<p>Per a cada etapa (<a href=\"https:\/\/preinscripcio.gencat.cat\/ca\/estudis\/infantil-3-6\/inici\/\">infantil<\/a>, <a href=\"https:\/\/preinscripcio.gencat.cat\/ca\/estudis\/primaria\/inici\/\">prim\u00e0ria<\/a> i <a href=\"https:\/\/preinscripcio.gencat.cat\/ca\/estudis\/eso\/inici\/\">secund\u00e0ria<\/a>) trobareu tota la informaci\u00f3 necess\u00e0ria en tres grans apartats: Informa&#8217;t abans, Preinscriu-te, Matricula&#8217;t.<\/p>\n<p>Actualment, la informaci\u00f3 que \u00e9s molt important que consulteu \u00e9s l&#8217;apartat &#8220;Informa&#8217;t abans&#8221; en el que es detallen:<\/p>\n<ul>\n<li>Les dates clau de cada proc\u00e9s<\/li>\n<li>Els criteris de selecci\u00f3 i informaci\u00f3 molt extesa de com ser\u00e0 el procediment<\/li>\n<li>Informaci\u00f3 sobre el proc\u00e9s de cerca d&#8217;escola<\/li>\n<li>Els documents que cal preparar un cop s&#8217;obri la preinscripci\u00f3, el proper 3 de mar\u00e7.<\/li>\n<\/ul>\n<p>Tamb\u00e9 podeu comen\u00e7ar a llegir la pestanya &#8220;preinscriu-te&#8221; en la que podeu veure quin ser\u00e0 el funcionament, ja que la presentaci\u00f3 de la sol\u00b7licitud es far\u00e0 de forma telem\u00e0tica.<\/p>\n","protected":false},"excerpt":{"rendered":"<p>El Departament d&#8217;Educaci\u00f3 ha publicat tota la informaci\u00f3 sobre la preinscripci\u00f3 per al proper curs 2023-2024.<br \/>\nA la web <a href=\"https:\/\/preinscripcio.gencat.cat\/\">preinscripcio.gencat.cat\/<\/a> s&#8217;anir\u00e0 actualitzant tota la informaci\u00f3 relacionada amb la preinscripci\u00f3 i matr\u00edcula.<br \/>\nPer a cada etapa (<a href=\"https:\/\/preinscripcio.gencat.cat\/ca\/estudis\/infantil-3-6\/inici\/\">infantil<\/a>, <a href=\"https:\/\/preinscripcio.gencat.cat\/ca\/estudis\/primaria\/inici\/\">prim\u00e0ria<\/a> i <a href=\"https:\/\/preinscripcio.gencat.cat\/ca\/estudis\/eso\/inici\/\">secund\u00e0ria<\/a>) trobareu tota la informaci\u00f3&hellip;  <a href=\"https:\/\/agora.xtec.cat\/ceiprivorubeo\/general\/preinscripcio-informat-abans\/\" title=\"Read Preinscripci\u00f3: Informa&#8217;t abans\">Llegeix m\u00e9s\u00bb<\/a><\/p>\n","protected":false},"author":1,"featured_media":1024,"comment_status":"open","ping_status":"closed","sticky":false,"template":"","format":"standard","meta":{"_bbp_topic_count":0,"_bbp_reply_count":0,"_bbp_total_topic_count":0,"_bbp_total_reply_count":0,"_bbp_voice_count":0,"_bbp_anonymous_reply_count":0,"_bbp_topic_count_hidden":0,"_bbp_reply_count_hidden":0,"_bbp_forum_subforum_count":0,"footnotes":""},"categories":[1,77,95],"tags":[],"class_list":["post-2469","post","type-post","status-publish","format-standard","has-post-thumbnail","hentry","category-general","category-informacions-publicades","category-preinscripcio-i-matricula-23-24"],"post_mailing_queue_ids":[],"_links":{"self":[{"href":"https:\/\/agora.xtec.cat\/ceiprivorubeo\/wp-json\/wp\/v2\/posts\/2469","targetHints":{"allow":["GET"]}}],"collection":[{"href":"https:\/\/agora.xtec.cat\/ceiprivorubeo\/wp-json\/wp\/v2\/posts"}],"about":[{"href":"https:\/\/agora.xtec.cat\/ceiprivorubeo\/wp-json\/wp\/v2\/types\/post"}],"author":[{"embeddable":true,"href":"https:\/\/agora.xtec.cat\/ceiprivorubeo\/wp-json\/wp\/v2\/users\/1"}],"replies":[{"embeddable":true,"href":"https:\/\/agora.xtec.cat\/ceiprivorubeo\/wp-json\/wp\/v2\/comments?post=2469"}],"version-history":[{"count":1,"href":"https:\/\/agora.xtec.cat\/ceiprivorubeo\/wp-json\/wp\/v2\/posts\/2469\/revisions"}],"predecessor-version":[{"id":2470,"href":"https:\/\/agora.xtec.cat\/ceiprivorubeo\/wp-json\/wp\/v2\/posts\/2469\/revisions\/2470"}],"wp:featuredmedia":[{"embeddable":true,"href":"https:\/\/agora.xtec.cat\/ceiprivorubeo\/wp-json\/wp\/v2\/media\/1024"}],"wp:attachment":[{"href":"https:\/\/agora.xtec.cat\/ceiprivorubeo\/wp-json\/wp\/v2\/media?parent=2469"}],"wp:term":[{"taxonomy":"category","embeddable":true,"href":"https:\/\/agora.xtec.cat\/ceiprivorubeo\/wp-json\/wp\/v2\/categories?post=2469"},{"taxonomy":"post_tag","embeddable":true,"href":"https:\/\/agora.xtec.cat\/ceiprivorubeo\/wp-json\/wp\/v2\/tags?post=2469"}],"curies":[{"name":"wp","href":"https:\/\/api.w.org\/{rel}","templated":true}]}}