{"id":2452,"date":"2023-02-16T10:42:18","date_gmt":"2023-02-16T09:42:18","guid":{"rendered":"https:\/\/agora.xtec.cat\/ceiprivorubeo\/?p=2452"},"modified":"2023-02-16T10:42:18","modified_gmt":"2023-02-16T09:42:18","slug":"xerrada-tot-el-que-sha-de-saber-per-inscriure-un-infant-de-3-anys","status":"publish","type":"post","link":"https:\/\/agora.xtec.cat\/ceiprivorubeo\/portada\/xerrada-tot-el-que-sha-de-saber-per-inscriure-un-infant-de-3-anys\/","title":{"rendered":"Xerrada: Tot el que s\u2019ha de saber per inscriure un infant de 3 anys"},"content":{"rendered":"<p>L&#8217;Ajuntament organitza una xerrada informativa sobre la preinscripci\u00f3 escolar per EI3.<\/p>\n<p>Tindr\u00e0 lloc el dia 28 de febrer a les 18:30h a la sala d&#8217;actes de la Biblioteca Mestre Mart\u00ed Tauler de Rub\u00ed.<\/p>\n<p>Per m\u00e9s informaci\u00f3 cliqueu el seg\u00fcent enlla\u00e7:\u00a0<a href=\"https:\/\/agora.xtec.cat\/ceiprivorubeo\/wp-content\/uploads\/usu2655\/2023\/02\/Xerrada-matriculacio-P3-2023-24-1.pdf\">Xerrada matriculacio P3 2023-24<\/a><\/p>\n<p>&nbsp;<\/p>\n","protected":false},"excerpt":{"rendered":"<p>L&#8217;Ajuntament organitza una xerrada informativa sobre la preinscripci\u00f3 escolar per EI3.<br \/>\nTindr\u00e0 lloc el dia 28 de febrer a les 18:30h a la sala d&#8217;actes de la Biblioteca Mestre Mart\u00ed Tauler de Rub\u00ed.<br \/>\nPer m\u00e9s informaci\u00f3 cliqueu el seg\u00fcent enlla\u00e7:\u00a0<a href=\"https:\/\/agora.xtec.cat\/ceiprivorubeo\/wp-content\/uploads\/usu2655\/2023\/02\/Xerrada-matriculacio-P3-2023-24-1.pdf\">Xerrada matriculacio P3 2023-24<\/a><br \/>\n&nbsp;<\/p>\n","protected":false},"author":1,"featured_media":992,"comment_status":"open","ping_status":"closed","sticky":false,"template":"","format":"standard","meta":{"_bbp_topic_count":0,"_bbp_reply_count":0,"_bbp_total_topic_count":0,"_bbp_total_reply_count":0,"_bbp_voice_count":0,"_bbp_anonymous_reply_count":0,"_bbp_topic_count_hidden":0,"_bbp_reply_count_hidden":0,"_bbp_forum_subforum_count":0,"footnotes":""},"categories":[77,4,95],"tags":[],"class_list":["post-2452","post","type-post","status-publish","format-standard","has-post-thumbnail","hentry","category-informacions-publicades","category-portada","category-preinscripcio-i-matricula-23-24"],"post_mailing_queue_ids":[],"_links":{"self":[{"href":"https:\/\/agora.xtec.cat\/ceiprivorubeo\/wp-json\/wp\/v2\/posts\/2452","targetHints":{"allow":["GET"]}}],"collection":[{"href":"https:\/\/agora.xtec.cat\/ceiprivorubeo\/wp-json\/wp\/v2\/posts"}],"about":[{"href":"https:\/\/agora.xtec.cat\/ceiprivorubeo\/wp-json\/wp\/v2\/types\/post"}],"author":[{"embeddable":true,"href":"https:\/\/agora.xtec.cat\/ceiprivorubeo\/wp-json\/wp\/v2\/users\/1"}],"replies":[{"embeddable":true,"href":"https:\/\/agora.xtec.cat\/ceiprivorubeo\/wp-json\/wp\/v2\/comments?post=2452"}],"version-history":[{"count":1,"href":"https:\/\/agora.xtec.cat\/ceiprivorubeo\/wp-json\/wp\/v2\/posts\/2452\/revisions"}],"predecessor-version":[{"id":2454,"href":"https:\/\/agora.xtec.cat\/ceiprivorubeo\/wp-json\/wp\/v2\/posts\/2452\/revisions\/2454"}],"wp:featuredmedia":[{"embeddable":true,"href":"https:\/\/agora.xtec.cat\/ceiprivorubeo\/wp-json\/wp\/v2\/media\/992"}],"wp:attachment":[{"href":"https:\/\/agora.xtec.cat\/ceiprivorubeo\/wp-json\/wp\/v2\/media?parent=2452"}],"wp:term":[{"taxonomy":"category","embeddable":true,"href":"https:\/\/agora.xtec.cat\/ceiprivorubeo\/wp-json\/wp\/v2\/categories?post=2452"},{"taxonomy":"post_tag","embeddable":true,"href":"https:\/\/agora.xtec.cat\/ceiprivorubeo\/wp-json\/wp\/v2\/tags?post=2452"}],"curies":[{"name":"wp","href":"https:\/\/api.w.org\/{rel}","templated":true}]}}