{"id":2395,"date":"2023-02-08T12:24:51","date_gmt":"2023-02-08T11:24:51","guid":{"rendered":"https:\/\/agora.xtec.cat\/ceiprivorubeo\/?p=2395"},"modified":"2023-02-08T12:24:51","modified_gmt":"2023-02-08T11:24:51","slug":"com-saber-de-quin-color-pintem-el-cercle","status":"publish","type":"post","link":"https:\/\/agora.xtec.cat\/ceiprivorubeo\/primaria\/mitjans\/2n\/com-saber-de-quin-color-pintem-el-cercle\/","title":{"rendered":"Com saber de quin color pintem el cercle?"},"content":{"rendered":"<p>Com saber de quin color pintem el cercle de les activitats?<\/p>\n<p>Hem pensat en escriure un article referent a les activitats que els infants se&#8217;n duen a casa. Genera dubtes el fet de pensar de quin color han de pintar els nens i les nenes el cercle que es troba a la part superior marge dret.<\/p>\n<p>Com ho fem?<\/p>\n<p><strong><span style=\"color: #ff0000\">Vermell<\/span><\/strong>: \u00e0mbit matem\u00e0tic: CALCULEM I PENSEM<\/p>\n<p><strong><span style=\"color: #3366ff\">Blau<\/span><\/strong>: \u00e0mbit ling\u00fc\u00edstic: LLEGIM I ESCRIVIM<\/p>\n<p><strong><span style=\"color: #ffff00\">Groc<\/span><\/strong>: Projecte<\/p>\n<p><strong><span style=\"color: #339966\">Verd<\/span><\/strong>: Observem l&#8217;entorn<\/p>\n<p><a href=\"https:\/\/agora.xtec.cat\/ceiprivorubeo\/wp-content\/uploads\/usu2655\/2023\/02\/IMG_4038-rotated.jpg\"><img loading=\"lazy\" decoding=\"async\" class=\"aligncenter size-medium wp-image-2396\" src=\"https:\/\/agora.xtec.cat\/ceiprivorubeo\/wp-content\/uploads\/usu2655\/2023\/02\/IMG_4038-225x300.jpg\" alt=\"\" width=\"225\" height=\"300\" srcset=\"https:\/\/agora.xtec.cat\/ceiprivorubeo\/wp-content\/uploads\/usu2655\/2023\/02\/IMG_4038-225x300.jpg 225w, https:\/\/agora.xtec.cat\/ceiprivorubeo\/wp-content\/uploads\/usu2655\/2023\/02\/IMG_4038-rotated.jpg 480w\" sizes=\"auto, (max-width: 225px) 100vw, 225px\" \/><\/a><\/p>\n","protected":false},"excerpt":{"rendered":"<p>Com saber de quin color pintem el cercle de les activitats?<br \/>\nHem pensat en escriure un article referent a les activitats que els infants se&#8217;n duen a casa. Genera dubtes el fet de pensar de quin color han de pintar els nens i les nenes el&hellip;  <a href=\"https:\/\/agora.xtec.cat\/ceiprivorubeo\/primaria\/mitjans\/2n\/com-saber-de-quin-color-pintem-el-cercle\/\" title=\"Read Com saber de quin color pintem el cercle?\">Llegeix m\u00e9s\u00bb<\/a><\/p>\n","protected":false},"author":12,"featured_media":2396,"comment_status":"open","ping_status":"closed","sticky":false,"template":"","format":"standard","meta":{"_bbp_topic_count":0,"_bbp_reply_count":0,"_bbp_total_topic_count":0,"_bbp_total_reply_count":0,"_bbp_voice_count":0,"_bbp_anonymous_reply_count":0,"_bbp_topic_count_hidden":0,"_bbp_reply_count_hidden":0,"_bbp_forum_subforum_count":0,"footnotes":""},"categories":[10,69],"tags":[],"class_list":["post-2395","post","type-post","status-publish","format-standard","has-post-thumbnail","hentry","category-2n","category-mitjans"],"post_mailing_queue_ids":[],"_links":{"self":[{"href":"https:\/\/agora.xtec.cat\/ceiprivorubeo\/wp-json\/wp\/v2\/posts\/2395","targetHints":{"allow":["GET"]}}],"collection":[{"href":"https:\/\/agora.xtec.cat\/ceiprivorubeo\/wp-json\/wp\/v2\/posts"}],"about":[{"href":"https:\/\/agora.xtec.cat\/ceiprivorubeo\/wp-json\/wp\/v2\/types\/post"}],"author":[{"embeddable":true,"href":"https:\/\/agora.xtec.cat\/ceiprivorubeo\/wp-json\/wp\/v2\/users\/12"}],"replies":[{"embeddable":true,"href":"https:\/\/agora.xtec.cat\/ceiprivorubeo\/wp-json\/wp\/v2\/comments?post=2395"}],"version-history":[{"count":1,"href":"https:\/\/agora.xtec.cat\/ceiprivorubeo\/wp-json\/wp\/v2\/posts\/2395\/revisions"}],"predecessor-version":[{"id":2397,"href":"https:\/\/agora.xtec.cat\/ceiprivorubeo\/wp-json\/wp\/v2\/posts\/2395\/revisions\/2397"}],"wp:featuredmedia":[{"embeddable":true,"href":"https:\/\/agora.xtec.cat\/ceiprivorubeo\/wp-json\/wp\/v2\/media\/2396"}],"wp:attachment":[{"href":"https:\/\/agora.xtec.cat\/ceiprivorubeo\/wp-json\/wp\/v2\/media?parent=2395"}],"wp:term":[{"taxonomy":"category","embeddable":true,"href":"https:\/\/agora.xtec.cat\/ceiprivorubeo\/wp-json\/wp\/v2\/categories?post=2395"},{"taxonomy":"post_tag","embeddable":true,"href":"https:\/\/agora.xtec.cat\/ceiprivorubeo\/wp-json\/wp\/v2\/tags?post=2395"}],"curies":[{"name":"wp","href":"https:\/\/api.w.org\/{rel}","templated":true}]}}