{"id":2339,"date":"2023-02-03T13:17:03","date_gmt":"2023-02-03T12:17:03","guid":{"rendered":"https:\/\/agora.xtec.cat\/ceiprivorubeo\/?p=2339"},"modified":"2023-08-23T20:10:04","modified_gmt":"2023-08-23T18:10:04","slug":"torna-carnaval","status":"publish","type":"post","link":"https:\/\/agora.xtec.cat\/ceiprivorubeo\/butlleti\/informacions-publicades\/torna-carnaval\/","title":{"rendered":"Torna Carnaval!"},"content":{"rendered":"<p>Benvolgudes fam\u00edlies!<\/p>\n<p>S&#8217;acosta la festa grossa! Enguany, per fi, recuperem la festa de Carnaval en el seu format habitual! En tenim molt\u00edssimes ganes!<\/p>\n<p>Durant la setmana del 13 al 17 de febrer viurem la setmana m\u00e9s boja de l&#8217;any!<\/p>\n<ul>\n<li>A partir de divendres 10 l&#8217;alumnat de sis\u00e8 informar\u00e0 de les consignes a seguir. Cada dia una comitiva passar\u00e0 per les classes a donar la consigna per al dia seg\u00fcent. En el butllet\u00ed de la propera setmana us en farem un avan\u00e7ament per\u00f2, alerta! No en digueu res a la canalla: <strong>s\u00f3n &#8220;top secret&#8221;.<\/strong><\/li>\n<li>Al llarg de la setmana, es faran activitats des de les aules, tallers de carnaval, jocs, etc. Cada tutoria us far\u00e0 saber les activitats especials.<\/li>\n<li>DIJOUS GRAS. La tradici\u00f3 indica que aquell dia hem de portar un bon esmorzar a base de truita o botifarra d&#8217;ou!\n<ul>\n<li>Des de cada cicle us informaran com i on celebraran aquest esmorzar.<\/li>\n<\/ul>\n<\/li>\n<li>DIVENDRES DE CARNAVAL\n<ul>\n<li>Mat\u00ed: rebrem al Rei Carnestoltes!<\/li>\n<li>Tarda: Desfilada de carnestoltes al pati de prim\u00e0ria. Festa grossa! Us esperem a totes les fam\u00edlies a partir de les 15:15h.<\/li>\n<\/ul>\n<\/li>\n<\/ul>\n<p>Les disfresses que es treballaran des de les aules giraran entorn d&#8217;un tema com\u00fa: el Respecte al Medi ambient. Des de les tutories rebreu un correu indicant si \u00e9s necessari que el vostre fill o filla porti alguna cosa per a la preparaci\u00f3 de la disfressa.<\/p>\n<p>Us hi esperem!<\/p>\n","protected":false},"excerpt":{"rendered":"<p>Benvolgudes fam\u00edlies!<br \/>\nS&#8217;acosta la festa grossa! Enguany, per fi, recuperem la festa de Carnaval en el seu format habitual! En tenim molt\u00edssimes ganes!<br \/>\nDurant la setmana del 13 al 17 de febrer viurem la setmana m\u00e9s boja de l&#8217;any!<\/p>\n<ul>\n<li>A partir de divendres 10 l&#8217;alumnat de sis\u00e8 informar\u00e0&hellip;  <a href=\"https:\/\/agora.xtec.cat\/ceiprivorubeo\/butlleti\/informacions-publicades\/torna-carnaval\/\" title=\"Read Torna Carnaval!\">Llegeix m\u00e9s\u00bb<\/a><br \/>\n","protected":false},"author":1,"featured_media":2340,"comment_status":"open","ping_status":"closed","sticky":false,"template":"","format":"standard","meta":{"_bbp_topic_count":0,"_bbp_reply_count":0,"_bbp_total_topic_count":0,"_bbp_total_reply_count":0,"_bbp_voice_count":0,"_bbp_anonymous_reply_count":0,"_bbp_topic_count_hidden":0,"_bbp_reply_count_hidden":0,"_bbp_forum_subforum_count":0,"footnotes":""},"categories":[77],"tags":[],"class_list":["post-2339","post","type-post","status-publish","format-standard","has-post-thumbnail","hentry","category-informacions-publicades"],"post_mailing_queue_ids":[],"_links":{"self":[{"href":"https:\/\/agora.xtec.cat\/ceiprivorubeo\/wp-json\/wp\/v2\/posts\/2339","targetHints":{"allow":["GET"]}}],"collection":[{"href":"https:\/\/agora.xtec.cat\/ceiprivorubeo\/wp-json\/wp\/v2\/posts"}],"about":[{"href":"https:\/\/agora.xtec.cat\/ceiprivorubeo\/wp-json\/wp\/v2\/types\/post"}],"author":[{"embeddable":true,"href":"https:\/\/agora.xtec.cat\/ceiprivorubeo\/wp-json\/wp\/v2\/users\/1"}],"replies":[{"embeddable":true,"href":"https:\/\/agora.xtec.cat\/ceiprivorubeo\/wp-json\/wp\/v2\/comments?post=2339"}],"version-history":[{"count":2,"href":"https:\/\/agora.xtec.cat\/ceiprivorubeo\/wp-json\/wp\/v2\/posts\/2339\/revisions"}],"predecessor-version":[{"id":2342,"href":"https:\/\/agora.xtec.cat\/ceiprivorubeo\/wp-json\/wp\/v2\/posts\/2339\/revisions\/2342"}],"wp:featuredmedia":[{"embeddable":true,"href":"https:\/\/agora.xtec.cat\/ceiprivorubeo\/wp-json\/wp\/v2\/media\/2340"}],"wp:attachment":[{"href":"https:\/\/agora.xtec.cat\/ceiprivorubeo\/wp-json\/wp\/v2\/media?parent=2339"}],"wp:term":[{"taxonomy":"category","embeddable":true,"href":"https:\/\/agora.xtec.cat\/ceiprivorubeo\/wp-json\/wp\/v2\/categories?post=2339"},{"taxonomy":"post_tag","embeddable":true,"href":"https:\/\/agora.xtec.cat\/ceiprivorubeo\/wp-json\/wp\/v2\/tags?post=2339"}],"curies":[{"name":"wp","href":"https:\/\/api.w.org\/{rel}","templated":true}]}}