{"id":2322,"date":"2023-01-27T11:19:31","date_gmt":"2023-01-27T10:19:31","guid":{"rendered":"https:\/\/agora.xtec.cat\/ceiprivorubeo\/?p=2322"},"modified":"2023-02-03T11:24:40","modified_gmt":"2023-02-03T10:24:40","slug":"dates-de-la-preinscripcio-i-matricula","status":"publish","type":"post","link":"https:\/\/agora.xtec.cat\/ceiprivorubeo\/general\/dates-de-la-preinscripcio-i-matricula\/","title":{"rendered":"Dates de la preinscripci\u00f3 i matr\u00edcula."},"content":{"rendered":"<p>El Departament d&#8217;educaci\u00f3 ha <a href=\"https:\/\/preinscripcio.gencat.cat\/ca\/detalls\/noticia\/dates-preinscripcio-2023-2024\">publicat les dates de la preinscripci\u00f3 i matr\u00edcula<\/a>:<\/p>\n<ul>\n<li>Educaci\u00f3 infantil (3-6 anys), educaci\u00f3 prim\u00e0ria i educaci\u00f3 secund\u00e0ria obligat\u00f2ria\n<ul>\n<li>Presentaci\u00f3 de sol\u00b7licituds:\n<ul>\n<li>Educaci\u00f3 infantil (3-6 anys) i educaci\u00f3 prim\u00e0ria: del 6 al 20 de mar\u00e7<\/li>\n<li>Educaci\u00f3 secund\u00e0ria obligat\u00f2ria: del 8 al 20 de mar\u00e7<\/li>\n<\/ul>\n<\/li>\n<li>Matr\u00edcula:\n<ul>\n<li>Educaci\u00f3 infantil, educaci\u00f3 prim\u00e0ria i educaci\u00f3 secund\u00e0ria obligat\u00f2ria: del 20 al 28 de juny<\/li>\n<\/ul>\n<\/li>\n<\/ul>\n<\/li>\n<\/ul>\n<p>Anirem actualitzant les dades a les informacions de Preinscripci\u00f3 i Matr\u00edcula 23-24<\/p>\n<p>&nbsp;<\/p>\n","protected":false},"excerpt":{"rendered":"<p>El Departament d&#8217;educaci\u00f3 ha <a href=\"https:\/\/preinscripcio.gencat.cat\/ca\/detalls\/noticia\/dates-preinscripcio-2023-2024\">publicat les dates de la preinscripci\u00f3 i matr\u00edcula<\/a>:<\/p>\n<ul>\n<li>Educaci\u00f3 infantil (3-6 anys), educaci\u00f3 prim\u00e0ria i educaci\u00f3 secund\u00e0ria obligat\u00f2ria\n<ul>\n<li>Presentaci\u00f3 de sol\u00b7licituds:\n<ul>\n<li>Educaci\u00f3 infantil (3-6 anys) i educaci\u00f3 prim\u00e0ria: del 6 al 20 de mar\u00e7<\/li>\n<li>Educaci\u00f3 secund\u00e0ria obligat\u00f2ria: del 8 al 20 de mar\u00e7<\/li>\n<\/ul>\n<\/li>\n<li>Matr\u00edcula:\n<ul>\n<li>Educaci\u00f3 infantil,&hellip;  <a href=\"https:\/\/agora.xtec.cat\/ceiprivorubeo\/general\/dates-de-la-preinscripcio-i-matricula\/\" title=\"Read Dates de la preinscripci\u00f3 i matr\u00edcula.\">Llegeix m\u00e9s\u00bb<\/a><br \/>\n","protected":false},"author":1,"featured_media":2309,"comment_status":"open","ping_status":"closed","sticky":false,"template":"","format":"standard","meta":{"_bbp_topic_count":0,"_bbp_reply_count":0,"_bbp_total_topic_count":0,"_bbp_total_reply_count":0,"_bbp_voice_count":0,"_bbp_anonymous_reply_count":0,"_bbp_topic_count_hidden":0,"_bbp_reply_count_hidden":0,"_bbp_forum_subforum_count":0,"footnotes":""},"categories":[1,95],"tags":[],"class_list":["post-2322","post","type-post","status-publish","format-standard","has-post-thumbnail","hentry","category-general","category-preinscripcio-i-matricula-23-24"],"post_mailing_queue_ids":[],"_links":{"self":[{"href":"https:\/\/agora.xtec.cat\/ceiprivorubeo\/wp-json\/wp\/v2\/posts\/2322","targetHints":{"allow":["GET"]}}],"collection":[{"href":"https:\/\/agora.xtec.cat\/ceiprivorubeo\/wp-json\/wp\/v2\/posts"}],"about":[{"href":"https:\/\/agora.xtec.cat\/ceiprivorubeo\/wp-json\/wp\/v2\/types\/post"}],"author":[{"embeddable":true,"href":"https:\/\/agora.xtec.cat\/ceiprivorubeo\/wp-json\/wp\/v2\/users\/1"}],"replies":[{"embeddable":true,"href":"https:\/\/agora.xtec.cat\/ceiprivorubeo\/wp-json\/wp\/v2\/comments?post=2322"}],"version-history":[{"count":1,"href":"https:\/\/agora.xtec.cat\/ceiprivorubeo\/wp-json\/wp\/v2\/posts\/2322\/revisions"}],"predecessor-version":[{"id":2323,"href":"https:\/\/agora.xtec.cat\/ceiprivorubeo\/wp-json\/wp\/v2\/posts\/2322\/revisions\/2323"}],"wp:featuredmedia":[{"embeddable":true,"href":"https:\/\/agora.xtec.cat\/ceiprivorubeo\/wp-json\/wp\/v2\/media\/2309"}],"wp:attachment":[{"href":"https:\/\/agora.xtec.cat\/ceiprivorubeo\/wp-json\/wp\/v2\/media?parent=2322"}],"wp:term":[{"taxonomy":"category","embeddable":true,"href":"https:\/\/agora.xtec.cat\/ceiprivorubeo\/wp-json\/wp\/v2\/categories?post=2322"},{"taxonomy":"post_tag","embeddable":true,"href":"https:\/\/agora.xtec.cat\/ceiprivorubeo\/wp-json\/wp\/v2\/tags?post=2322"}],"curies":[{"name":"wp","href":"https:\/\/api.w.org\/{rel}","templated":true}]}}