{"id":2319,"date":"2023-02-03T11:16:59","date_gmt":"2023-02-03T10:16:59","guid":{"rendered":"https:\/\/agora.xtec.cat\/ceiprivorubeo\/?p=2319"},"modified":"2023-02-03T13:32:16","modified_gmt":"2023-02-03T12:32:16","slug":"coneix-lescola","status":"publish","type":"post","link":"https:\/\/agora.xtec.cat\/ceiprivorubeo\/general\/coneix-lescola\/","title":{"rendered":"Preinscripci\u00f3 23-24. Coneix l&#8217;escola"},"content":{"rendered":"<p>Vols con\u00e8ixer l&#8217;escola?<\/p>\n<p>Pots venir el dia 2 de mar\u00e7 a les portes obertes. En <a href=\"https:\/\/agora.xtec.cat\/ceiprivorubeo\/general\/avancament-de-la-data-de-portes-obertes\/\">aquest enlla\u00e7<\/a> tens tota la informaci\u00f3 que et cal saber per poder assistir-hi. Per\u00f2 tamb\u00e9 pots complementar la informaci\u00f3 visitant aquests espais de la nostra web.<\/p>\n<ul>\n<li><a href=\"https:\/\/agora.xtec.cat\/ceiprivorubeo\/projecte-educatiu\/\">&#8220;Aprendre a l&#8217;escola&#8221;<\/a>. En aquest apartat podr\u00e0s veure un v\u00eddeo en el que podreu con\u00e8ixer, a grans trets, com \u00e9s la nostra escola.<\/li>\n<li><a href=\"https:\/\/agora.xtec.cat\/ceiprivorubeo\/projecte-educatiu\/presentacio-trets-didentitat\/\">&#8220;Trets d&#8217;identitat&#8221;<\/a>. En aquest enlla\u00e7 podr\u00e0s veure els trets que identifiquen el nostre centre. Cada tret d&#8217;identitat est\u00e0 acompanyat per un superheroi o superhero\u00efna que l&#8217;identifica.<\/li>\n<li>Tamb\u00e9 pots con\u00e8ixer m\u00e9s detalls sobre el projecte a la resta de p\u00e0gines de l&#8217;apartat &#8220;Aprendre a l&#8217;escola&#8221; del men\u00fa de la <a style=\"font-family: inherit; font-size: 1em;\" href=\"https:\/\/agora.xtec.cat\/ceiprivorubeo\/\">web<\/a><span style=\"font-family: inherit; font-size: 1em;\">.<\/span><\/li>\n<\/ul>\n","protected":false},"excerpt":{"rendered":"<p>Vols con\u00e8ixer l&#8217;escola?<br \/>\nPots venir el dia 2 de mar\u00e7 a les portes obertes. En <a href=\"https:\/\/agora.xtec.cat\/ceiprivorubeo\/general\/avancament-de-la-data-de-portes-obertes\/\">aquest enlla\u00e7<\/a> tens tota la informaci\u00f3 que et cal saber per poder assistir-hi. Per\u00f2 tamb\u00e9 pots complementar la informaci\u00f3 visitant aquests espais de la nostra web.<\/p>\n<ul>\n<li><a href=\"https:\/\/agora.xtec.cat\/ceiprivorubeo\/projecte-educatiu\/\">&#8220;Aprendre a l&#8217;escola&#8221;<\/a>. En&hellip;  <a href=\"https:\/\/agora.xtec.cat\/ceiprivorubeo\/general\/coneix-lescola\/\" title=\"Read Preinscripci\u00f3 23-24. Coneix l&#8217;escola\">Llegeix m\u00e9s\u00bb<\/a><br \/>\n","protected":false},"author":1,"featured_media":1819,"comment_status":"open","ping_status":"closed","sticky":false,"template":"","format":"standard","meta":{"_bbp_topic_count":0,"_bbp_reply_count":0,"_bbp_total_topic_count":0,"_bbp_total_reply_count":0,"_bbp_voice_count":0,"_bbp_anonymous_reply_count":0,"_bbp_topic_count_hidden":0,"_bbp_reply_count_hidden":0,"_bbp_forum_subforum_count":0,"footnotes":""},"categories":[1,95],"tags":[],"class_list":["post-2319","post","type-post","status-publish","format-standard","has-post-thumbnail","hentry","category-general","category-preinscripcio-i-matricula-23-24"],"post_mailing_queue_ids":[],"_links":{"self":[{"href":"https:\/\/agora.xtec.cat\/ceiprivorubeo\/wp-json\/wp\/v2\/posts\/2319","targetHints":{"allow":["GET"]}}],"collection":[{"href":"https:\/\/agora.xtec.cat\/ceiprivorubeo\/wp-json\/wp\/v2\/posts"}],"about":[{"href":"https:\/\/agora.xtec.cat\/ceiprivorubeo\/wp-json\/wp\/v2\/types\/post"}],"author":[{"embeddable":true,"href":"https:\/\/agora.xtec.cat\/ceiprivorubeo\/wp-json\/wp\/v2\/users\/1"}],"replies":[{"embeddable":true,"href":"https:\/\/agora.xtec.cat\/ceiprivorubeo\/wp-json\/wp\/v2\/comments?post=2319"}],"version-history":[{"count":4,"href":"https:\/\/agora.xtec.cat\/ceiprivorubeo\/wp-json\/wp\/v2\/posts\/2319\/revisions"}],"predecessor-version":[{"id":2346,"href":"https:\/\/agora.xtec.cat\/ceiprivorubeo\/wp-json\/wp\/v2\/posts\/2319\/revisions\/2346"}],"wp:featuredmedia":[{"embeddable":true,"href":"https:\/\/agora.xtec.cat\/ceiprivorubeo\/wp-json\/wp\/v2\/media\/1819"}],"wp:attachment":[{"href":"https:\/\/agora.xtec.cat\/ceiprivorubeo\/wp-json\/wp\/v2\/media?parent=2319"}],"wp:term":[{"taxonomy":"category","embeddable":true,"href":"https:\/\/agora.xtec.cat\/ceiprivorubeo\/wp-json\/wp\/v2\/categories?post=2319"},{"taxonomy":"post_tag","embeddable":true,"href":"https:\/\/agora.xtec.cat\/ceiprivorubeo\/wp-json\/wp\/v2\/tags?post=2319"}],"curies":[{"name":"wp","href":"https:\/\/api.w.org\/{rel}","templated":true}]}}