{"id":2297,"date":"2023-01-26T13:00:05","date_gmt":"2023-01-26T12:00:05","guid":{"rendered":"https:\/\/agora.xtec.cat\/ceiprivorubeo\/?p=2297"},"modified":"2024-01-12T09:06:33","modified_gmt":"2024-01-12T08:06:33","slug":"avancament-de-la-data-de-portes-obertes","status":"publish","type":"post","link":"https:\/\/agora.xtec.cat\/ceiprivorubeo\/general\/avancament-de-la-data-de-portes-obertes\/","title":{"rendered":"Portes obertes Curs 23-24"},"content":{"rendered":"<p>Us volem avan\u00e7ar la data de les jornades de <strong>portes obertes del Rivo que seran el 2 de mar\u00e7 a les 15:15h. <\/strong>La novetat d&#8217;aquest any \u00e9s que obrirem les portes durant l&#8217;horari lectiu perqu\u00e8 pugueu con\u00e8ixer l&#8217;ambient de l&#8217;escola mentre s&#8217;hi fa activitat.<\/p>\n<p>La visita tindr\u00e0 dues parts. En primer lloc fareu una volta per l&#8217;escola, coneixent els espais i l&#8217;activitat que s&#8217;hi fa. Veureu diferents propostes metodol\u00f2giques que es duen a terme al nostre centre. Finalment, ens trobarem al gimn\u00e0s on us explicarem amb una mica m\u00e9s de detall com \u00e9s l&#8217;escola Rivo Rubeo i resoldrem tots els dubtes que tingueu.<\/p>\n<p>Es prega que, en la mesura del possible, vingueu sense infants.<\/p>\n<p>Per poder organitzar aquestes portes obertes cal que us inscriviu omplint aquest formulari.<\/p>\n","protected":false},"excerpt":{"rendered":"<p>Us volem avan\u00e7ar la data de les jornades de portes obertes del Rivo que seran el 2 de mar\u00e7 a les 15:15h. La novetat d&#8217;aquest any \u00e9s que obrirem les portes durant l&#8217;horari lectiu perqu\u00e8 pugueu con\u00e8ixer l&#8217;ambient de l&#8217;escola mentre s&#8217;hi fa activitat.<br \/>\nLa visita&hellip;  <a href=\"https:\/\/agora.xtec.cat\/ceiprivorubeo\/general\/avancament-de-la-data-de-portes-obertes\/\" title=\"Read Portes obertes Curs 23-24\">Llegeix m\u00e9s\u00bb<\/a><\/p>\n","protected":false},"author":1,"featured_media":2344,"comment_status":"open","ping_status":"closed","sticky":false,"template":"","format":"standard","meta":{"_bbp_topic_count":0,"_bbp_reply_count":0,"_bbp_total_topic_count":0,"_bbp_total_reply_count":0,"_bbp_voice_count":0,"_bbp_anonymous_reply_count":0,"_bbp_topic_count_hidden":0,"_bbp_reply_count_hidden":0,"_bbp_forum_subforum_count":0,"footnotes":""},"categories":[1,77,95],"tags":[],"class_list":["post-2297","post","type-post","status-publish","format-standard","has-post-thumbnail","hentry","category-general","category-informacions-publicades","category-preinscripcio-i-matricula-23-24"],"post_mailing_queue_ids":[],"_links":{"self":[{"href":"https:\/\/agora.xtec.cat\/ceiprivorubeo\/wp-json\/wp\/v2\/posts\/2297","targetHints":{"allow":["GET"]}}],"collection":[{"href":"https:\/\/agora.xtec.cat\/ceiprivorubeo\/wp-json\/wp\/v2\/posts"}],"about":[{"href":"https:\/\/agora.xtec.cat\/ceiprivorubeo\/wp-json\/wp\/v2\/types\/post"}],"author":[{"embeddable":true,"href":"https:\/\/agora.xtec.cat\/ceiprivorubeo\/wp-json\/wp\/v2\/users\/1"}],"replies":[{"embeddable":true,"href":"https:\/\/agora.xtec.cat\/ceiprivorubeo\/wp-json\/wp\/v2\/comments?post=2297"}],"version-history":[{"count":5,"href":"https:\/\/agora.xtec.cat\/ceiprivorubeo\/wp-json\/wp\/v2\/posts\/2297\/revisions"}],"predecessor-version":[{"id":3648,"href":"https:\/\/agora.xtec.cat\/ceiprivorubeo\/wp-json\/wp\/v2\/posts\/2297\/revisions\/3648"}],"wp:featuredmedia":[{"embeddable":true,"href":"https:\/\/agora.xtec.cat\/ceiprivorubeo\/wp-json\/wp\/v2\/media\/2344"}],"wp:attachment":[{"href":"https:\/\/agora.xtec.cat\/ceiprivorubeo\/wp-json\/wp\/v2\/media?parent=2297"}],"wp:term":[{"taxonomy":"category","embeddable":true,"href":"https:\/\/agora.xtec.cat\/ceiprivorubeo\/wp-json\/wp\/v2\/categories?post=2297"},{"taxonomy":"post_tag","embeddable":true,"href":"https:\/\/agora.xtec.cat\/ceiprivorubeo\/wp-json\/wp\/v2\/tags?post=2297"}],"curies":[{"name":"wp","href":"https:\/\/api.w.org\/{rel}","templated":true}]}}