{"id":2294,"date":"2023-01-26T08:51:41","date_gmt":"2023-01-26T07:51:41","guid":{"rendered":"https:\/\/agora.xtec.cat\/ceiprivorubeo\/?p=2294"},"modified":"2023-01-26T09:34:16","modified_gmt":"2023-01-26T08:34:16","slug":"mes-cancons-de-la-clika-a-2n","status":"publish","type":"post","link":"https:\/\/agora.xtec.cat\/ceiprivorubeo\/primaria\/grans\/3r-mitjans\/mes-cancons-de-la-clika-a-2n\/","title":{"rendered":"M\u00e9s can\u00e7ons de la Clika a 2n!"},"content":{"rendered":"<p>A 2n hem arrencat el 2n trimestre &#8220;a tope&#8221; amb la Clika!<\/p>\n<p>Cap al mes de maig tindrem l&#8217;actuaci\u00f3 i tenim una pila de can\u00e7ons per aprendre a cantar i ballar! Des que hem tornat hem comen\u00e7at a aprendre dues can\u00e7ons m\u00e9s.<\/p>\n<p>Aqu\u00ed us deixem els v\u00eddeos perqu\u00e8 les pugueu anar practicant!<\/p>\n<p>La primera que hem comen\u00e7at a treballar \u00e9s <strong>&#8220;Els amics&#8221;<\/strong>. Aquesta can\u00e7\u00f3 ens parla sobre l&#8217;amistat i l&#8217;important que \u00e9s cuidar els amics i amigues.<\/p>\n<p><iframe loading=\"lazy\" title=\"ELS AMICS | Cantata LA CLIKA (m\u00fasica infantil catalana)\" width=\"500\" height=\"281\" src=\"https:\/\/www.youtube.com\/embed\/8k4AFIEEddc?feature=oembed\" frameborder=\"0\" allow=\"accelerometer; autoplay; clipboard-write; encrypted-media; gyroscope; picture-in-picture; web-share\" referrerpolicy=\"strict-origin-when-cross-origin\" allowfullscreen><\/iframe><\/p>\n<p>I, tot just aquesta setmana ja hem pogut escoltar una nova can\u00e7\u00f3, <strong>&#8220;Jove i alegre&#8221;<\/strong> que parla sobre la resili\u00e8ncia.<\/p>\n<p><iframe loading=\"lazy\" title=\"JOVE I ALEGRE | Cantata LA CLIKA (m\u00fasica infantil catalana)\" width=\"500\" height=\"281\" src=\"https:\/\/www.youtube.com\/embed\/sNtyJWu0-Jg?feature=oembed\" frameborder=\"0\" allow=\"accelerometer; autoplay; clipboard-write; encrypted-media; gyroscope; picture-in-picture; web-share\" referrerpolicy=\"strict-origin-when-cross-origin\" allowfullscreen><\/iframe><\/p>\n","protected":false},"excerpt":{"rendered":"<p>A 2n hem arrencat el 2n trimestre &#8220;a tope&#8221; amb la Clika!<br \/>\nCap al mes de maig tindrem l&#8217;actuaci\u00f3 i tenim una pila de can\u00e7ons per aprendre a cantar i ballar! Des que hem tornat hem comen\u00e7at a aprendre dues can\u00e7ons m\u00e9s.<br \/>\nAqu\u00ed us deixem els v\u00eddeos&hellip;  <a href=\"https:\/\/agora.xtec.cat\/ceiprivorubeo\/primaria\/grans\/3r-mitjans\/mes-cancons-de-la-clika-a-2n\/\" title=\"Read M\u00e9s can\u00e7ons de la Clika a 2n!\">Llegeix m\u00e9s\u00bb<\/a><\/p>\n","protected":false},"author":1,"featured_media":1968,"comment_status":"open","ping_status":"closed","sticky":false,"template":"","format":"standard","meta":{"_bbp_topic_count":0,"_bbp_reply_count":0,"_bbp_total_topic_count":0,"_bbp_total_reply_count":0,"_bbp_voice_count":0,"_bbp_anonymous_reply_count":0,"_bbp_topic_count_hidden":0,"_bbp_reply_count_hidden":0,"_bbp_forum_subforum_count":0,"footnotes":""},"categories":[11,88],"tags":[],"class_list":["post-2294","post","type-post","status-publish","format-standard","has-post-thumbnail","hentry","category-3r-mitjans","category-musica"],"post_mailing_queue_ids":[],"_links":{"self":[{"href":"https:\/\/agora.xtec.cat\/ceiprivorubeo\/wp-json\/wp\/v2\/posts\/2294","targetHints":{"allow":["GET"]}}],"collection":[{"href":"https:\/\/agora.xtec.cat\/ceiprivorubeo\/wp-json\/wp\/v2\/posts"}],"about":[{"href":"https:\/\/agora.xtec.cat\/ceiprivorubeo\/wp-json\/wp\/v2\/types\/post"}],"author":[{"embeddable":true,"href":"https:\/\/agora.xtec.cat\/ceiprivorubeo\/wp-json\/wp\/v2\/users\/1"}],"replies":[{"embeddable":true,"href":"https:\/\/agora.xtec.cat\/ceiprivorubeo\/wp-json\/wp\/v2\/comments?post=2294"}],"version-history":[{"count":1,"href":"https:\/\/agora.xtec.cat\/ceiprivorubeo\/wp-json\/wp\/v2\/posts\/2294\/revisions"}],"predecessor-version":[{"id":2295,"href":"https:\/\/agora.xtec.cat\/ceiprivorubeo\/wp-json\/wp\/v2\/posts\/2294\/revisions\/2295"}],"wp:featuredmedia":[{"embeddable":true,"href":"https:\/\/agora.xtec.cat\/ceiprivorubeo\/wp-json\/wp\/v2\/media\/1968"}],"wp:attachment":[{"href":"https:\/\/agora.xtec.cat\/ceiprivorubeo\/wp-json\/wp\/v2\/media?parent=2294"}],"wp:term":[{"taxonomy":"category","embeddable":true,"href":"https:\/\/agora.xtec.cat\/ceiprivorubeo\/wp-json\/wp\/v2\/categories?post=2294"},{"taxonomy":"post_tag","embeddable":true,"href":"https:\/\/agora.xtec.cat\/ceiprivorubeo\/wp-json\/wp\/v2\/tags?post=2294"}],"curies":[{"name":"wp","href":"https:\/\/api.w.org\/{rel}","templated":true}]}}